{"id":1012,"date":"2022-05-10T12:30:14","date_gmt":"2022-05-10T12:30:14","guid":{"rendered":"https:\/\/insightevents.se\/gatubelysningsforum\/?p=1012"},"modified":"2023-06-01T11:01:42","modified_gmt":"2023-06-01T11:01:42","slug":"moderatorn-om-gatubelysningsforum-2022","status":"publish","type":"post","link":"https:\/\/insightevents.se\/gatubelysningsforum\/2022\/05\/10\/moderatorn-om-gatubelysningsforum-2022\/","title":{"rendered":"Moderatorn om Gatubelysningsforum 2022"},"content":{"rendered":"<p><img loading=\"lazy\" decoding=\"async\" class=\"wp-image-1018 alignright\" src=\"https:\/\/insightevents.se\/gatubelysningsforum\/wp-content\/uploads\/sites\/4\/2022\/05\/Anna-Waernborg.jpg\" alt=\"\" width=\"193\" height=\"289\" srcset=\"https:\/\/insightevents.se\/gatubelysningsforum\/wp-content\/uploads\/sites\/4\/2022\/05\/Anna-Waernborg.jpg 567w, https:\/\/insightevents.se\/gatubelysningsforum\/wp-content\/uploads\/sites\/4\/2022\/05\/Anna-Waernborg-480x720.jpg 480w\" sizes=\"auto, (max-width: 193px) 100vw, 193px\" \/>Vi \u00e4r glada att h\u00e4lsa Anna Waernborg v\u00e4lkommen igen som moderator p\u00e5 \u00e5rets konferens. Anna \u00e4r en av Sveriges fr\u00e4msta och ledande ljusdesigners och kommer guida oss genom dagarna p\u00e5 Gatubelysningsforum 2022. Hon arbetar b\u00e5de med uppdrag i tidiga skeden som omfattar program, strategier och ljus ur ett stadsbyggnadsperspektiv, men ocks\u00e5 med konkreta ljusplanerings- och ljuss\u00e4ttningsuppdrag av till exempel parker, gator, torg, fasader och broar. Vi passade p\u00e5 att ta pulsen p\u00e5 Anna inf\u00f6r konferensen och svaren ser du nedan.<\/p>\n<p>&nbsp;<\/p>\n<p><strong>Du \u00e4r utbildad landskapsarkitekt, specialiserad p\u00e5 ljusdesign och har m\u00e5nga \u00e5rs erfarenhet som ljusdesigner och d\u00e5 fr\u00e4mst f\u00f6r utomhusmilj\u00f6er. Vilka fr\u00e5gor \u00e4r mest aktuella inom omr\u00e5det Gatubelysning just nu?<\/strong><\/p>\n<p>Mycket har handlat om hur man kan minska ljusets negativa effekter p\u00e5 djur samtidigt som man kan bibeh\u00e5lla trygghet och trafiks\u00e4kerhet, styrning och energieffektivitet \u00e4r ocks\u00e5 viktiga fr\u00e5gor, liksom att skapa attraktiva och trevliga stadsmilj\u00f6er.<\/p>\n<p><strong>Vilka \u00e4r de st\u00f6rsta f\u00f6r\u00e4ndringarna du ser inom omr\u00e5det?<\/strong><\/p>\n<p>Det efterfr\u00e5gas mer skr\u00e4ddarsydda l\u00f6sningar, och det utvecklas nya produkter f\u00f6r att m\u00f6ta efterfr\u00e5gan p\u00e5 en smartare belysning.<\/p>\n<p><strong>Vad ser du sj\u00e4lv mest fram emot med Gatubelysningsforum 2022?<\/strong><\/p>\n<p>Att f\u00e5 tr\u00e4ffa s\u00e5 mycket folk i branschen och bli inspirerad av f\u00f6rel\u00e4sningarna! Och f\u00f6rst\u00e5s att f\u00e5 delta i och lyssna p\u00e5 de intressanta diskussioner som brukar f\u00f6lja \u2013 det finns alltid nya saker att l\u00e4ra sig. Det \u00e4r ocks\u00e5 sp\u00e4nnande att titta p\u00e5 nya produkter \u2013 det \u00e4r ju som en liten m\u00e4ssa.<\/p>\n<p><strong>Vem tycker du borde var p\u00e5 konferensen?<\/strong><\/p>\n<p>Jag tror att de i branschen som vill utbyta erfarenheter, \u00e4r nyfikna och vill l\u00e4ra sig mer och inspireras av m\u00f6tena och f\u00f6rel\u00e4sningarna har stor nytta av konferensen. Om man vill ha koll p\u00e5 nya produkter och snabbt f\u00e5 f\u00f6rdjupad kunskap om dem, s\u00e5 \u00e4r detta ocks\u00e5 ett bra tillf\u00e4lle.<\/p>\n<p><strong>Vad t\u00e4nker du att man f\u00e5r med sig genom att vara med p\u00e5 konferensen?<\/strong><\/p>\n<p>Nya kontakter, bra kunskap om vad som h\u00e4nder i branschen, inspiration och energi och kanske svar p\u00e5 de specifika problem eller fr\u00e5gest\u00e4llningar man har.<\/p>\n","protected":false},"excerpt":{"rendered":"<p>Vi \u00e4r glada att h\u00e4lsa Anna Waernborg v\u00e4lkommen igen som moderator p\u00e5 \u00e5rets konferens. Anna \u00e4r en av Sveriges fr\u00e4msta och ledande ljusdesigners och kommer guida oss genom dagarna p\u00e5 Gatubelysningsforum 2022. Hon arbetar b\u00e5de med uppdrag i tidiga skeden som omfattar program, strategier och ljus ur ett stadsbyggnadsperspektiv, men ocks\u00e5 med konkreta ljusplanerings- och [&hellip;]<\/p>\n","protected":false},"author":1,"featured_media":1239,"comment_status":"closed","ping_status":"open","sticky":false,"template":"","format":"standard","meta":{"_acf_changed":false,"footnotes":""},"categories":[1],"tags":[],"class_list":["post-1012","post","type-post","status-publish","format-standard","has-post-thumbnail","hentry","category-uncategorized"],"acf":[],"yoast_head":"<!-- This site is optimized with the Yoast SEO plugin v27.3 - https:\/\/yoast.com\/product\/yoast-seo-wordpress\/ -->\n<title>Moderatorn om Gatubelysningsforum 2022 - Gatubelysningsforum<\/title>\n<meta name=\"robots\" content=\"index, follow, max-snippet:-1, max-image-preview:large, max-video-preview:-1\" \/>\n<link rel=\"canonical\" href=\"https:\/\/insightevents.se\/gatubelysningsforum\/2022\/05\/10\/moderatorn-om-gatubelysningsforum-2022\/\" \/>\n<meta property=\"og:locale\" content=\"sv_SE\" \/>\n<meta property=\"og:type\" content=\"article\" \/>\n<meta property=\"og:title\" content=\"Moderatorn om Gatubelysningsforum 2022 - Gatubelysningsforum\" \/>\n<meta property=\"og:description\" content=\"Vi \u00e4r glada att h\u00e4lsa Anna Waernborg v\u00e4lkommen igen som moderator p\u00e5 \u00e5rets konferens. Anna \u00e4r en av Sveriges fr\u00e4msta och ledande ljusdesigners och kommer guida oss genom dagarna p\u00e5 Gatubelysningsforum 2022. Hon arbetar b\u00e5de med uppdrag i tidiga skeden som omfattar program, strategier och ljus ur ett stadsbyggnadsperspektiv, men ocks\u00e5 med konkreta ljusplanerings- och [&hellip;]\" \/>\n<meta property=\"og:url\" content=\"https:\/\/insightevents.se\/gatubelysningsforum\/2022\/05\/10\/moderatorn-om-gatubelysningsforum-2022\/\" \/>\n<meta property=\"og:site_name\" content=\"Gatubelysningsforum\" \/>\n<meta property=\"article:published_time\" content=\"2022-05-10T12:30:14+00:00\" \/>\n<meta property=\"article:modified_time\" content=\"2023-06-01T11:01:42+00:00\" \/>\n<meta property=\"og:image\" content=\"https:\/\/insightevents.se\/gatubelysningsforum\/wp-content\/uploads\/sites\/4\/2022\/05\/nyhetsbild2.png\" \/>\n\t<meta property=\"og:image:width\" content=\"400\" \/>\n\t<meta property=\"og:image:height\" content=\"400\" \/>\n\t<meta property=\"og:image:type\" content=\"image\/png\" \/>\n<meta name=\"author\" content=\"Webmaster\" \/>\n<meta name=\"twitter:card\" content=\"summary_large_image\" \/>\n<meta name=\"twitter:label1\" content=\"Skriven av\" \/>\n\t<meta name=\"twitter:data1\" content=\"Webmaster\" \/>\n\t<meta name=\"twitter:label2\" content=\"Ber\u00e4knad l\u00e4stid\" \/>\n\t<meta name=\"twitter:data2\" content=\"2 minuter\" \/>\n<script type=\"application\/ld+json\" class=\"yoast-schema-graph\">{\"@context\":\"https:\\\/\\\/schema.org\",\"@graph\":[{\"@type\":\"Article\",\"@id\":\"https:\\\/\\\/insightevents.se\\\/gatubelysningsforum\\\/2022\\\/05\\\/10\\\/moderatorn-om-gatubelysningsforum-2022\\\/#article\",\"isPartOf\":{\"@id\":\"https:\\\/\\\/insightevents.se\\\/gatubelysningsforum\\\/2022\\\/05\\\/10\\\/moderatorn-om-gatubelysningsforum-2022\\\/\"},\"author\":{\"name\":\"Webmaster\",\"@id\":\"https:\\\/\\\/insightevents.se\\\/gatubelysningsforum\\\/#\\\/schema\\\/person\\\/b988a5292612382bfb32836eca66b90d\"},\"headline\":\"Moderatorn om Gatubelysningsforum 2022\",\"datePublished\":\"2022-05-10T12:30:14+00:00\",\"dateModified\":\"2023-06-01T11:01:42+00:00\",\"mainEntityOfPage\":{\"@id\":\"https:\\\/\\\/insightevents.se\\\/gatubelysningsforum\\\/2022\\\/05\\\/10\\\/moderatorn-om-gatubelysningsforum-2022\\\/\"},\"wordCount\":377,\"image\":{\"@id\":\"https:\\\/\\\/insightevents.se\\\/gatubelysningsforum\\\/2022\\\/05\\\/10\\\/moderatorn-om-gatubelysningsforum-2022\\\/#primaryimage\"},\"thumbnailUrl\":\"https:\\\/\\\/insightevents.se\\\/gatubelysningsforum\\\/wp-content\\\/uploads\\\/sites\\\/4\\\/2022\\\/05\\\/nyhetsbild2.png\",\"articleSection\":[\"Uncategorized\"],\"inLanguage\":\"sv-SE\"},{\"@type\":\"WebPage\",\"@id\":\"https:\\\/\\\/insightevents.se\\\/gatubelysningsforum\\\/2022\\\/05\\\/10\\\/moderatorn-om-gatubelysningsforum-2022\\\/\",\"url\":\"https:\\\/\\\/insightevents.se\\\/gatubelysningsforum\\\/2022\\\/05\\\/10\\\/moderatorn-om-gatubelysningsforum-2022\\\/\",\"name\":\"Moderatorn om Gatubelysningsforum 2022 - Gatubelysningsforum\",\"isPartOf\":{\"@id\":\"https:\\\/\\\/insightevents.se\\\/gatubelysningsforum\\\/#website\"},\"primaryImageOfPage\":{\"@id\":\"https:\\\/\\\/insightevents.se\\\/gatubelysningsforum\\\/2022\\\/05\\\/10\\\/moderatorn-om-gatubelysningsforum-2022\\\/#primaryimage\"},\"image\":{\"@id\":\"https:\\\/\\\/insightevents.se\\\/gatubelysningsforum\\\/2022\\\/05\\\/10\\\/moderatorn-om-gatubelysningsforum-2022\\\/#primaryimage\"},\"thumbnailUrl\":\"https:\\\/\\\/insightevents.se\\\/gatubelysningsforum\\\/wp-content\\\/uploads\\\/sites\\\/4\\\/2022\\\/05\\\/nyhetsbild2.png\",\"datePublished\":\"2022-05-10T12:30:14+00:00\",\"dateModified\":\"2023-06-01T11:01:42+00:00\",\"author\":{\"@id\":\"https:\\\/\\\/insightevents.se\\\/gatubelysningsforum\\\/#\\\/schema\\\/person\\\/b988a5292612382bfb32836eca66b90d\"},\"breadcrumb\":{\"@id\":\"https:\\\/\\\/insightevents.se\\\/gatubelysningsforum\\\/2022\\\/05\\\/10\\\/moderatorn-om-gatubelysningsforum-2022\\\/#breadcrumb\"},\"inLanguage\":\"sv-SE\",\"potentialAction\":[{\"@type\":\"ReadAction\",\"target\":[\"https:\\\/\\\/insightevents.se\\\/gatubelysningsforum\\\/2022\\\/05\\\/10\\\/moderatorn-om-gatubelysningsforum-2022\\\/\"]}]},{\"@type\":\"ImageObject\",\"inLanguage\":\"sv-SE\",\"@id\":\"https:\\\/\\\/insightevents.se\\\/gatubelysningsforum\\\/2022\\\/05\\\/10\\\/moderatorn-om-gatubelysningsforum-2022\\\/#primaryimage\",\"url\":\"https:\\\/\\\/insightevents.se\\\/gatubelysningsforum\\\/wp-content\\\/uploads\\\/sites\\\/4\\\/2022\\\/05\\\/nyhetsbild2.png\",\"contentUrl\":\"https:\\\/\\\/insightevents.se\\\/gatubelysningsforum\\\/wp-content\\\/uploads\\\/sites\\\/4\\\/2022\\\/05\\\/nyhetsbild2.png\",\"width\":400,\"height\":400},{\"@type\":\"BreadcrumbList\",\"@id\":\"https:\\\/\\\/insightevents.se\\\/gatubelysningsforum\\\/2022\\\/05\\\/10\\\/moderatorn-om-gatubelysningsforum-2022\\\/#breadcrumb\",\"itemListElement\":[{\"@type\":\"ListItem\",\"position\":1,\"name\":\"Home\",\"item\":\"https:\\\/\\\/insightevents.se\\\/gatubelysningsforum\\\/\"},{\"@type\":\"ListItem\",\"position\":2,\"name\":\"Moderatorn om Gatubelysningsforum 2022\"}]},{\"@type\":\"WebSite\",\"@id\":\"https:\\\/\\\/insightevents.se\\\/gatubelysningsforum\\\/#website\",\"url\":\"https:\\\/\\\/insightevents.se\\\/gatubelysningsforum\\\/\",\"name\":\"Gatubelysningsforum\",\"description\":\"Konferens 8-9 september 2016\",\"potentialAction\":[{\"@type\":\"SearchAction\",\"target\":{\"@type\":\"EntryPoint\",\"urlTemplate\":\"https:\\\/\\\/insightevents.se\\\/gatubelysningsforum\\\/?s={search_term_string}\"},\"query-input\":{\"@type\":\"PropertyValueSpecification\",\"valueRequired\":true,\"valueName\":\"search_term_string\"}}],\"inLanguage\":\"sv-SE\"},{\"@type\":\"Person\",\"@id\":\"https:\\\/\\\/insightevents.se\\\/gatubelysningsforum\\\/#\\\/schema\\\/person\\\/b988a5292612382bfb32836eca66b90d\",\"name\":\"Webmaster\",\"image\":{\"@type\":\"ImageObject\",\"inLanguage\":\"sv-SE\",\"@id\":\"https:\\\/\\\/secure.gravatar.com\\\/avatar\\\/1d4fe9198e176b59442a0d34bf3a2daa510b0ef5a486b5f2426c878139f72b99?s=96&d=mm&r=g\",\"url\":\"https:\\\/\\\/secure.gravatar.com\\\/avatar\\\/1d4fe9198e176b59442a0d34bf3a2daa510b0ef5a486b5f2426c878139f72b99?s=96&d=mm&r=g\",\"contentUrl\":\"https:\\\/\\\/secure.gravatar.com\\\/avatar\\\/1d4fe9198e176b59442a0d34bf3a2daa510b0ef5a486b5f2426c878139f72b99?s=96&d=mm&r=g\",\"caption\":\"Webmaster\"},\"url\":\"https:\\\/\\\/insightevents.se\\\/gatubelysningsforum\\\/author\\\/webmaster\\\/\"}]}<\/script>\n<!-- \/ Yoast SEO plugin. -->","yoast_head_json":{"title":"Moderatorn om Gatubelysningsforum 2022 - Gatubelysningsforum","robots":{"index":"index","follow":"follow","max-snippet":"max-snippet:-1","max-image-preview":"max-image-preview:large","max-video-preview":"max-video-preview:-1"},"canonical":"https:\/\/insightevents.se\/gatubelysningsforum\/2022\/05\/10\/moderatorn-om-gatubelysningsforum-2022\/","og_locale":"sv_SE","og_type":"article","og_title":"Moderatorn om Gatubelysningsforum 2022 - Gatubelysningsforum","og_description":"Vi \u00e4r glada att h\u00e4lsa Anna Waernborg v\u00e4lkommen igen som moderator p\u00e5 \u00e5rets konferens. Anna \u00e4r en av Sveriges fr\u00e4msta och ledande ljusdesigners och kommer guida oss genom dagarna p\u00e5 Gatubelysningsforum 2022. Hon arbetar b\u00e5de med uppdrag i tidiga skeden som omfattar program, strategier och ljus ur ett stadsbyggnadsperspektiv, men ocks\u00e5 med konkreta ljusplanerings- och [&hellip;]","og_url":"https:\/\/insightevents.se\/gatubelysningsforum\/2022\/05\/10\/moderatorn-om-gatubelysningsforum-2022\/","og_site_name":"Gatubelysningsforum","article_published_time":"2022-05-10T12:30:14+00:00","article_modified_time":"2023-06-01T11:01:42+00:00","og_image":[{"width":400,"height":400,"url":"https:\/\/insightevents.se\/gatubelysningsforum\/wp-content\/uploads\/sites\/4\/2022\/05\/nyhetsbild2.png","type":"image\/png"}],"author":"Webmaster","twitter_card":"summary_large_image","twitter_misc":{"Skriven av":"Webmaster","Ber\u00e4knad l\u00e4stid":"2 minuter"},"schema":{"@context":"https:\/\/schema.org","@graph":[{"@type":"Article","@id":"https:\/\/insightevents.se\/gatubelysningsforum\/2022\/05\/10\/moderatorn-om-gatubelysningsforum-2022\/#article","isPartOf":{"@id":"https:\/\/insightevents.se\/gatubelysningsforum\/2022\/05\/10\/moderatorn-om-gatubelysningsforum-2022\/"},"author":{"name":"Webmaster","@id":"https:\/\/insightevents.se\/gatubelysningsforum\/#\/schema\/person\/b988a5292612382bfb32836eca66b90d"},"headline":"Moderatorn om Gatubelysningsforum 2022","datePublished":"2022-05-10T12:30:14+00:00","dateModified":"2023-06-01T11:01:42+00:00","mainEntityOfPage":{"@id":"https:\/\/insightevents.se\/gatubelysningsforum\/2022\/05\/10\/moderatorn-om-gatubelysningsforum-2022\/"},"wordCount":377,"image":{"@id":"https:\/\/insightevents.se\/gatubelysningsforum\/2022\/05\/10\/moderatorn-om-gatubelysningsforum-2022\/#primaryimage"},"thumbnailUrl":"https:\/\/insightevents.se\/gatubelysningsforum\/wp-content\/uploads\/sites\/4\/2022\/05\/nyhetsbild2.png","articleSection":["Uncategorized"],"inLanguage":"sv-SE"},{"@type":"WebPage","@id":"https:\/\/insightevents.se\/gatubelysningsforum\/2022\/05\/10\/moderatorn-om-gatubelysningsforum-2022\/","url":"https:\/\/insightevents.se\/gatubelysningsforum\/2022\/05\/10\/moderatorn-om-gatubelysningsforum-2022\/","name":"Moderatorn om Gatubelysningsforum 2022 - Gatubelysningsforum","isPartOf":{"@id":"https:\/\/insightevents.se\/gatubelysningsforum\/#website"},"primaryImageOfPage":{"@id":"https:\/\/insightevents.se\/gatubelysningsforum\/2022\/05\/10\/moderatorn-om-gatubelysningsforum-2022\/#primaryimage"},"image":{"@id":"https:\/\/insightevents.se\/gatubelysningsforum\/2022\/05\/10\/moderatorn-om-gatubelysningsforum-2022\/#primaryimage"},"thumbnailUrl":"https:\/\/insightevents.se\/gatubelysningsforum\/wp-content\/uploads\/sites\/4\/2022\/05\/nyhetsbild2.png","datePublished":"2022-05-10T12:30:14+00:00","dateModified":"2023-06-01T11:01:42+00:00","author":{"@id":"https:\/\/insightevents.se\/gatubelysningsforum\/#\/schema\/person\/b988a5292612382bfb32836eca66b90d"},"breadcrumb":{"@id":"https:\/\/insightevents.se\/gatubelysningsforum\/2022\/05\/10\/moderatorn-om-gatubelysningsforum-2022\/#breadcrumb"},"inLanguage":"sv-SE","potentialAction":[{"@type":"ReadAction","target":["https:\/\/insightevents.se\/gatubelysningsforum\/2022\/05\/10\/moderatorn-om-gatubelysningsforum-2022\/"]}]},{"@type":"ImageObject","inLanguage":"sv-SE","@id":"https:\/\/insightevents.se\/gatubelysningsforum\/2022\/05\/10\/moderatorn-om-gatubelysningsforum-2022\/#primaryimage","url":"https:\/\/insightevents.se\/gatubelysningsforum\/wp-content\/uploads\/sites\/4\/2022\/05\/nyhetsbild2.png","contentUrl":"https:\/\/insightevents.se\/gatubelysningsforum\/wp-content\/uploads\/sites\/4\/2022\/05\/nyhetsbild2.png","width":400,"height":400},{"@type":"BreadcrumbList","@id":"https:\/\/insightevents.se\/gatubelysningsforum\/2022\/05\/10\/moderatorn-om-gatubelysningsforum-2022\/#breadcrumb","itemListElement":[{"@type":"ListItem","position":1,"name":"Home","item":"https:\/\/insightevents.se\/gatubelysningsforum\/"},{"@type":"ListItem","position":2,"name":"Moderatorn om Gatubelysningsforum 2022"}]},{"@type":"WebSite","@id":"https:\/\/insightevents.se\/gatubelysningsforum\/#website","url":"https:\/\/insightevents.se\/gatubelysningsforum\/","name":"Gatubelysningsforum","description":"Konferens 8-9 september 2016","potentialAction":[{"@type":"SearchAction","target":{"@type":"EntryPoint","urlTemplate":"https:\/\/insightevents.se\/gatubelysningsforum\/?s={search_term_string}"},"query-input":{"@type":"PropertyValueSpecification","valueRequired":true,"valueName":"search_term_string"}}],"inLanguage":"sv-SE"},{"@type":"Person","@id":"https:\/\/insightevents.se\/gatubelysningsforum\/#\/schema\/person\/b988a5292612382bfb32836eca66b90d","name":"Webmaster","image":{"@type":"ImageObject","inLanguage":"sv-SE","@id":"https:\/\/secure.gravatar.com\/avatar\/1d4fe9198e176b59442a0d34bf3a2daa510b0ef5a486b5f2426c878139f72b99?s=96&d=mm&r=g","url":"https:\/\/secure.gravatar.com\/avatar\/1d4fe9198e176b59442a0d34bf3a2daa510b0ef5a486b5f2426c878139f72b99?s=96&d=mm&r=g","contentUrl":"https:\/\/secure.gravatar.com\/avatar\/1d4fe9198e176b59442a0d34bf3a2daa510b0ef5a486b5f2426c878139f72b99?s=96&d=mm&r=g","caption":"Webmaster"},"url":"https:\/\/insightevents.se\/gatubelysningsforum\/author\/webmaster\/"}]}},"_links":{"self":[{"href":"https:\/\/insightevents.se\/gatubelysningsforum\/wp-json\/wp\/v2\/posts\/1012","targetHints":{"allow":["GET"]}}],"collection":[{"href":"https:\/\/insightevents.se\/gatubelysningsforum\/wp-json\/wp\/v2\/posts"}],"about":[{"href":"https:\/\/insightevents.se\/gatubelysningsforum\/wp-json\/wp\/v2\/types\/post"}],"author":[{"embeddable":true,"href":"https:\/\/insightevents.se\/gatubelysningsforum\/wp-json\/wp\/v2\/users\/1"}],"replies":[{"embeddable":true,"href":"https:\/\/insightevents.se\/gatubelysningsforum\/wp-json\/wp\/v2\/comments?post=1012"}],"version-history":[{"count":10,"href":"https:\/\/insightevents.se\/gatubelysningsforum\/wp-json\/wp\/v2\/posts\/1012\/revisions"}],"predecessor-version":[{"id":1249,"href":"https:\/\/insightevents.se\/gatubelysningsforum\/wp-json\/wp\/v2\/posts\/1012\/revisions\/1249"}],"wp:featuredmedia":[{"embeddable":true,"href":"https:\/\/insightevents.se\/gatubelysningsforum\/wp-json\/wp\/v2\/media\/1239"}],"wp:attachment":[{"href":"https:\/\/insightevents.se\/gatubelysningsforum\/wp-json\/wp\/v2\/media?parent=1012"}],"wp:term":[{"taxonomy":"category","embeddable":true,"href":"https:\/\/insightevents.se\/gatubelysningsforum\/wp-json\/wp\/v2\/categories?post=1012"},{"taxonomy":"post_tag","embeddable":true,"href":"https:\/\/insightevents.se\/gatubelysningsforum\/wp-json\/wp\/v2\/tags?post=1012"}],"curies":[{"name":"wp","href":"https:\/\/api.w.org\/{rel}","templated":true}]}}