{"id":1023,"date":"2022-05-27T14:37:45","date_gmt":"2022-05-27T14:37:45","guid":{"rendered":"https:\/\/insightevents.se\/gatubelysningsforum\/?p=1023"},"modified":"2023-06-01T11:00:25","modified_gmt":"2023-06-01T11:00:25","slug":"det-kravs-morker-for-att-se-ljuset","status":"publish","type":"post","link":"https:\/\/insightevents.se\/gatubelysningsforum\/2022\/05\/27\/det-kravs-morker-for-att-se-ljuset\/","title":{"rendered":"Det kr\u00e4vs m\u00f6rker f\u00f6r att se ljuset!"},"content":{"rendered":"<p><img loading=\"lazy\" decoding=\"async\" class=\"wp-image-1024 alignright\" src=\"https:\/\/insightevents.se\/gatubelysningsforum\/wp-content\/uploads\/sites\/4\/2022\/05\/fredrik-malmberg-650x433.jpg\" alt=\"\" width=\"249\" height=\"166\" srcset=\"https:\/\/insightevents.se\/gatubelysningsforum\/wp-content\/uploads\/sites\/4\/2022\/05\/fredrik-malmberg-650x433.jpg 650w, https:\/\/insightevents.se\/gatubelysningsforum\/wp-content\/uploads\/sites\/4\/2022\/05\/fredrik-malmberg-325x217.jpg 325w\" sizes=\"auto, (max-width: 249px) 100vw, 249px\" \/>Ljuset k\u00e4nner inga gr\u00e4nser och p\u00e5verkar oss alla oavsett var vi befinner oss. Ett gr\u00e4ns\u00f6verskridande projekt visar p\u00e5 detta b\u00e5de i Danmark och i Sverige, utomhus och inomhus. H\u00e4r f\u00e5r du f\u00f6lja med p\u00e5 en inre resa till n\u00e5gra sp\u00e4nnande projekt. Fredrik Malmberg \u00e4r innovationsledare p\u00e5 den svenska sidan inom projektet Lighting Metropolis som \u00e4r ett \u00d6KS\/Interreg (EU) projekt. Vi passade p\u00e5 att st\u00e4lla n\u00e5gra fr\u00e5gor till Fredrik inf\u00f6r Gatubelysningsforum d\u00e4r han medverkar som talare.<\/p>\n<p><strong>\u00a0<\/strong><\/p>\n<p><strong>Vad \u00e4r Lightning Metropolis? Du kan v\u00e4l ber\u00e4tta lite om din roll och projektet?<\/strong><\/p>\n<p>Jag \u00e4r innovationsledare f\u00f6r Lighting Metropolis som \u00e4r ett viktigt steg f\u00f6r att f\u00f6rverkliga en vision f\u00f6r Greater Copenhagen som en ledande region i smart, energieffektiv och h\u00e5llbar stadsbelysning av h\u00f6g kvalitet. V\u00e5ra partners tv\u00e4rg\u00e5ende insatser st\u00e4rker den viktiga roll som belysning kan spela f\u00f6r att st\u00f6dja s\u00e4kerhet, tillg\u00e4nglighet, identitet, h\u00e4lsa och utbildning f\u00f6r medborgarna. Idag har Lighting Metropolis 30+ genomf\u00f6rda belysningsl\u00f6sningar, fr\u00e5n neonatal och skolan, till cykelv\u00e4gar, bibliotek och kontor \u00f6ver hela regionen, som kan bes\u00f6kas och demonstreras.<\/p>\n<p><strong>Vilka trender m\u00e4rker du av inom omr\u00e5det gatubelysning?<\/strong><\/p>\n<p>Att vi har g\u00e5tt fr\u00e5n perspektivet att belysa v\u00e5ra v\u00e4gar, GC, parker till att g\u00f6ra detta p\u00e5 ett energieffektivt s\u00e4tt de senaste \u00e5ren. Nu har vi tagit flera olika steg mot att \u00e4ven se p\u00e5 belysning i samklang med m\u00e5nga olika aspekter parallellt som t.ex. \u00f6kad trygghet, biodiversitet, anpassad belysning f\u00f6r b\u00e5de person och typ av aktivitet, osv. Detta g\u00f6r vi i samklang med v\u00e5ra tidigare m\u00e5l, dvs att b\u00e5de belysa men \u00e4ven att g\u00f6ra detta p\u00e5 ett energieffektivt s\u00e4tt.<\/p>\n<p><strong>Du har m\u00e5nga sp\u00e4nnande och innovativa projekt att presentera p\u00e5 konferensen? Vad kommer vi att f\u00e5 ta del av?\u00a0 <\/strong><\/p>\n<p>Det kommer att bli en resa \u00f6ver flera olika \u201dgr\u00e4nser\u201d. Dels med olika projekt b\u00e5de i Danmark och Sverige och dels med olika sp\u00e4nnande nya typer av installationer i skala 1:1 som \u00e4r \u00f6ppna att bes\u00f6ka och inspireras av och v\u00e4cka tankar och id\u00e9er f\u00f6r nya b\u00e4ttre ljusl\u00f6sningar \u00e4ven utanf\u00f6r v\u00e5r region!<\/p>\n<p><strong>Vad ser du fr\u00e4mst fram emot med konferensen och vad \u00e4r det viktigaste som du vill dela med dig av med din f\u00f6rel\u00e4sning?<\/strong><\/p>\n<p>Att man skall g\u00e5 fr\u00e5n att se belysning som en kostnad till att se det som en tillg\u00e5ng!<\/p>\n","protected":false},"excerpt":{"rendered":"<p>Ljuset k\u00e4nner inga gr\u00e4nser och p\u00e5verkar oss alla oavsett var vi befinner oss. Ett gr\u00e4ns\u00f6verskridande projekt visar p\u00e5 detta b\u00e5de i Danmark och i Sverige, utomhus och inomhus. H\u00e4r f\u00e5r du f\u00f6lja med p\u00e5 en inre resa till n\u00e5gra sp\u00e4nnande projekt. Fredrik Malmberg \u00e4r innovationsledare p\u00e5 den svenska sidan inom projektet Lighting Metropolis som \u00e4r [&hellip;]<\/p>\n","protected":false},"author":1,"featured_media":1238,"comment_status":"closed","ping_status":"open","sticky":false,"template":"","format":"standard","meta":{"_acf_changed":false,"footnotes":""},"categories":[4],"tags":[],"class_list":["post-1023","post","type-post","status-publish","format-standard","has-post-thumbnail","hentry","category-nyhet"],"acf":[],"yoast_head":"<!-- This site is optimized with the Yoast SEO plugin v27.3 - https:\/\/yoast.com\/product\/yoast-seo-wordpress\/ -->\n<title>Det kr\u00e4vs m\u00f6rker f\u00f6r att se ljuset! - Gatubelysningsforum<\/title>\n<meta name=\"robots\" content=\"index, follow, max-snippet:-1, max-image-preview:large, max-video-preview:-1\" \/>\n<link rel=\"canonical\" href=\"https:\/\/insightevents.se\/gatubelysningsforum\/2022\/05\/27\/det-kravs-morker-for-att-se-ljuset\/\" \/>\n<meta property=\"og:locale\" content=\"sv_SE\" \/>\n<meta property=\"og:type\" content=\"article\" \/>\n<meta property=\"og:title\" content=\"Det kr\u00e4vs m\u00f6rker f\u00f6r att se ljuset! - Gatubelysningsforum\" \/>\n<meta property=\"og:description\" content=\"Ljuset k\u00e4nner inga gr\u00e4nser och p\u00e5verkar oss alla oavsett var vi befinner oss. Ett gr\u00e4ns\u00f6verskridande projekt visar p\u00e5 detta b\u00e5de i Danmark och i Sverige, utomhus och inomhus. H\u00e4r f\u00e5r du f\u00f6lja med p\u00e5 en inre resa till n\u00e5gra sp\u00e4nnande projekt. Fredrik Malmberg \u00e4r innovationsledare p\u00e5 den svenska sidan inom projektet Lighting Metropolis som \u00e4r [&hellip;]\" \/>\n<meta property=\"og:url\" content=\"https:\/\/insightevents.se\/gatubelysningsforum\/2022\/05\/27\/det-kravs-morker-for-att-se-ljuset\/\" \/>\n<meta property=\"og:site_name\" content=\"Gatubelysningsforum\" \/>\n<meta property=\"article:published_time\" content=\"2022-05-27T14:37:45+00:00\" \/>\n<meta property=\"article:modified_time\" content=\"2023-06-01T11:00:25+00:00\" \/>\n<meta property=\"og:image\" content=\"https:\/\/insightevents.se\/gatubelysningsforum\/wp-content\/uploads\/sites\/4\/2022\/05\/nyhetsbild1.png\" \/>\n\t<meta property=\"og:image:width\" content=\"400\" \/>\n\t<meta property=\"og:image:height\" content=\"400\" \/>\n\t<meta property=\"og:image:type\" content=\"image\/png\" \/>\n<meta name=\"author\" content=\"Webmaster\" \/>\n<meta name=\"twitter:card\" content=\"summary_large_image\" \/>\n<meta name=\"twitter:label1\" content=\"Skriven av\" \/>\n\t<meta name=\"twitter:data1\" content=\"Webmaster\" \/>\n\t<meta name=\"twitter:label2\" content=\"Ber\u00e4knad l\u00e4stid\" \/>\n\t<meta name=\"twitter:data2\" content=\"3 minuter\" \/>\n<script type=\"application\/ld+json\" class=\"yoast-schema-graph\">{\"@context\":\"https:\\\/\\\/schema.org\",\"@graph\":[{\"@type\":\"Article\",\"@id\":\"https:\\\/\\\/insightevents.se\\\/gatubelysningsforum\\\/2022\\\/05\\\/27\\\/det-kravs-morker-for-att-se-ljuset\\\/#article\",\"isPartOf\":{\"@id\":\"https:\\\/\\\/insightevents.se\\\/gatubelysningsforum\\\/2022\\\/05\\\/27\\\/det-kravs-morker-for-att-se-ljuset\\\/\"},\"author\":{\"name\":\"Webmaster\",\"@id\":\"https:\\\/\\\/insightevents.se\\\/gatubelysningsforum\\\/#\\\/schema\\\/person\\\/b988a5292612382bfb32836eca66b90d\"},\"headline\":\"Det kr\u00e4vs m\u00f6rker f\u00f6r att se ljuset!\",\"datePublished\":\"2022-05-27T14:37:45+00:00\",\"dateModified\":\"2023-06-01T11:00:25+00:00\",\"mainEntityOfPage\":{\"@id\":\"https:\\\/\\\/insightevents.se\\\/gatubelysningsforum\\\/2022\\\/05\\\/27\\\/det-kravs-morker-for-att-se-ljuset\\\/\"},\"wordCount\":452,\"image\":{\"@id\":\"https:\\\/\\\/insightevents.se\\\/gatubelysningsforum\\\/2022\\\/05\\\/27\\\/det-kravs-morker-for-att-se-ljuset\\\/#primaryimage\"},\"thumbnailUrl\":\"https:\\\/\\\/insightevents.se\\\/gatubelysningsforum\\\/wp-content\\\/uploads\\\/sites\\\/4\\\/2022\\\/05\\\/nyhetsbild1.png\",\"articleSection\":[\"Nyhet\"],\"inLanguage\":\"sv-SE\"},{\"@type\":\"WebPage\",\"@id\":\"https:\\\/\\\/insightevents.se\\\/gatubelysningsforum\\\/2022\\\/05\\\/27\\\/det-kravs-morker-for-att-se-ljuset\\\/\",\"url\":\"https:\\\/\\\/insightevents.se\\\/gatubelysningsforum\\\/2022\\\/05\\\/27\\\/det-kravs-morker-for-att-se-ljuset\\\/\",\"name\":\"Det kr\u00e4vs m\u00f6rker f\u00f6r att se ljuset! - Gatubelysningsforum\",\"isPartOf\":{\"@id\":\"https:\\\/\\\/insightevents.se\\\/gatubelysningsforum\\\/#website\"},\"primaryImageOfPage\":{\"@id\":\"https:\\\/\\\/insightevents.se\\\/gatubelysningsforum\\\/2022\\\/05\\\/27\\\/det-kravs-morker-for-att-se-ljuset\\\/#primaryimage\"},\"image\":{\"@id\":\"https:\\\/\\\/insightevents.se\\\/gatubelysningsforum\\\/2022\\\/05\\\/27\\\/det-kravs-morker-for-att-se-ljuset\\\/#primaryimage\"},\"thumbnailUrl\":\"https:\\\/\\\/insightevents.se\\\/gatubelysningsforum\\\/wp-content\\\/uploads\\\/sites\\\/4\\\/2022\\\/05\\\/nyhetsbild1.png\",\"datePublished\":\"2022-05-27T14:37:45+00:00\",\"dateModified\":\"2023-06-01T11:00:25+00:00\",\"author\":{\"@id\":\"https:\\\/\\\/insightevents.se\\\/gatubelysningsforum\\\/#\\\/schema\\\/person\\\/b988a5292612382bfb32836eca66b90d\"},\"breadcrumb\":{\"@id\":\"https:\\\/\\\/insightevents.se\\\/gatubelysningsforum\\\/2022\\\/05\\\/27\\\/det-kravs-morker-for-att-se-ljuset\\\/#breadcrumb\"},\"inLanguage\":\"sv-SE\",\"potentialAction\":[{\"@type\":\"ReadAction\",\"target\":[\"https:\\\/\\\/insightevents.se\\\/gatubelysningsforum\\\/2022\\\/05\\\/27\\\/det-kravs-morker-for-att-se-ljuset\\\/\"]}]},{\"@type\":\"ImageObject\",\"inLanguage\":\"sv-SE\",\"@id\":\"https:\\\/\\\/insightevents.se\\\/gatubelysningsforum\\\/2022\\\/05\\\/27\\\/det-kravs-morker-for-att-se-ljuset\\\/#primaryimage\",\"url\":\"https:\\\/\\\/insightevents.se\\\/gatubelysningsforum\\\/wp-content\\\/uploads\\\/sites\\\/4\\\/2022\\\/05\\\/nyhetsbild1.png\",\"contentUrl\":\"https:\\\/\\\/insightevents.se\\\/gatubelysningsforum\\\/wp-content\\\/uploads\\\/sites\\\/4\\\/2022\\\/05\\\/nyhetsbild1.png\",\"width\":400,\"height\":400},{\"@type\":\"BreadcrumbList\",\"@id\":\"https:\\\/\\\/insightevents.se\\\/gatubelysningsforum\\\/2022\\\/05\\\/27\\\/det-kravs-morker-for-att-se-ljuset\\\/#breadcrumb\",\"itemListElement\":[{\"@type\":\"ListItem\",\"position\":1,\"name\":\"Home\",\"item\":\"https:\\\/\\\/insightevents.se\\\/gatubelysningsforum\\\/\"},{\"@type\":\"ListItem\",\"position\":2,\"name\":\"Det kr\u00e4vs m\u00f6rker f\u00f6r att se ljuset!\"}]},{\"@type\":\"WebSite\",\"@id\":\"https:\\\/\\\/insightevents.se\\\/gatubelysningsforum\\\/#website\",\"url\":\"https:\\\/\\\/insightevents.se\\\/gatubelysningsforum\\\/\",\"name\":\"Gatubelysningsforum\",\"description\":\"Konferens 8-9 september 2016\",\"potentialAction\":[{\"@type\":\"SearchAction\",\"target\":{\"@type\":\"EntryPoint\",\"urlTemplate\":\"https:\\\/\\\/insightevents.se\\\/gatubelysningsforum\\\/?s={search_term_string}\"},\"query-input\":{\"@type\":\"PropertyValueSpecification\",\"valueRequired\":true,\"valueName\":\"search_term_string\"}}],\"inLanguage\":\"sv-SE\"},{\"@type\":\"Person\",\"@id\":\"https:\\\/\\\/insightevents.se\\\/gatubelysningsforum\\\/#\\\/schema\\\/person\\\/b988a5292612382bfb32836eca66b90d\",\"name\":\"Webmaster\",\"image\":{\"@type\":\"ImageObject\",\"inLanguage\":\"sv-SE\",\"@id\":\"https:\\\/\\\/secure.gravatar.com\\\/avatar\\\/1d4fe9198e176b59442a0d34bf3a2daa510b0ef5a486b5f2426c878139f72b99?s=96&d=mm&r=g\",\"url\":\"https:\\\/\\\/secure.gravatar.com\\\/avatar\\\/1d4fe9198e176b59442a0d34bf3a2daa510b0ef5a486b5f2426c878139f72b99?s=96&d=mm&r=g\",\"contentUrl\":\"https:\\\/\\\/secure.gravatar.com\\\/avatar\\\/1d4fe9198e176b59442a0d34bf3a2daa510b0ef5a486b5f2426c878139f72b99?s=96&d=mm&r=g\",\"caption\":\"Webmaster\"},\"url\":\"https:\\\/\\\/insightevents.se\\\/gatubelysningsforum\\\/author\\\/webmaster\\\/\"}]}<\/script>\n<!-- \/ Yoast SEO plugin. -->","yoast_head_json":{"title":"Det kr\u00e4vs m\u00f6rker f\u00f6r att se ljuset! - Gatubelysningsforum","robots":{"index":"index","follow":"follow","max-snippet":"max-snippet:-1","max-image-preview":"max-image-preview:large","max-video-preview":"max-video-preview:-1"},"canonical":"https:\/\/insightevents.se\/gatubelysningsforum\/2022\/05\/27\/det-kravs-morker-for-att-se-ljuset\/","og_locale":"sv_SE","og_type":"article","og_title":"Det kr\u00e4vs m\u00f6rker f\u00f6r att se ljuset! - Gatubelysningsforum","og_description":"Ljuset k\u00e4nner inga gr\u00e4nser och p\u00e5verkar oss alla oavsett var vi befinner oss. Ett gr\u00e4ns\u00f6verskridande projekt visar p\u00e5 detta b\u00e5de i Danmark och i Sverige, utomhus och inomhus. H\u00e4r f\u00e5r du f\u00f6lja med p\u00e5 en inre resa till n\u00e5gra sp\u00e4nnande projekt. Fredrik Malmberg \u00e4r innovationsledare p\u00e5 den svenska sidan inom projektet Lighting Metropolis som \u00e4r [&hellip;]","og_url":"https:\/\/insightevents.se\/gatubelysningsforum\/2022\/05\/27\/det-kravs-morker-for-att-se-ljuset\/","og_site_name":"Gatubelysningsforum","article_published_time":"2022-05-27T14:37:45+00:00","article_modified_time":"2023-06-01T11:00:25+00:00","og_image":[{"width":400,"height":400,"url":"https:\/\/insightevents.se\/gatubelysningsforum\/wp-content\/uploads\/sites\/4\/2022\/05\/nyhetsbild1.png","type":"image\/png"}],"author":"Webmaster","twitter_card":"summary_large_image","twitter_misc":{"Skriven av":"Webmaster","Ber\u00e4knad l\u00e4stid":"3 minuter"},"schema":{"@context":"https:\/\/schema.org","@graph":[{"@type":"Article","@id":"https:\/\/insightevents.se\/gatubelysningsforum\/2022\/05\/27\/det-kravs-morker-for-att-se-ljuset\/#article","isPartOf":{"@id":"https:\/\/insightevents.se\/gatubelysningsforum\/2022\/05\/27\/det-kravs-morker-for-att-se-ljuset\/"},"author":{"name":"Webmaster","@id":"https:\/\/insightevents.se\/gatubelysningsforum\/#\/schema\/person\/b988a5292612382bfb32836eca66b90d"},"headline":"Det kr\u00e4vs m\u00f6rker f\u00f6r att se ljuset!","datePublished":"2022-05-27T14:37:45+00:00","dateModified":"2023-06-01T11:00:25+00:00","mainEntityOfPage":{"@id":"https:\/\/insightevents.se\/gatubelysningsforum\/2022\/05\/27\/det-kravs-morker-for-att-se-ljuset\/"},"wordCount":452,"image":{"@id":"https:\/\/insightevents.se\/gatubelysningsforum\/2022\/05\/27\/det-kravs-morker-for-att-se-ljuset\/#primaryimage"},"thumbnailUrl":"https:\/\/insightevents.se\/gatubelysningsforum\/wp-content\/uploads\/sites\/4\/2022\/05\/nyhetsbild1.png","articleSection":["Nyhet"],"inLanguage":"sv-SE"},{"@type":"WebPage","@id":"https:\/\/insightevents.se\/gatubelysningsforum\/2022\/05\/27\/det-kravs-morker-for-att-se-ljuset\/","url":"https:\/\/insightevents.se\/gatubelysningsforum\/2022\/05\/27\/det-kravs-morker-for-att-se-ljuset\/","name":"Det kr\u00e4vs m\u00f6rker f\u00f6r att se ljuset! - Gatubelysningsforum","isPartOf":{"@id":"https:\/\/insightevents.se\/gatubelysningsforum\/#website"},"primaryImageOfPage":{"@id":"https:\/\/insightevents.se\/gatubelysningsforum\/2022\/05\/27\/det-kravs-morker-for-att-se-ljuset\/#primaryimage"},"image":{"@id":"https:\/\/insightevents.se\/gatubelysningsforum\/2022\/05\/27\/det-kravs-morker-for-att-se-ljuset\/#primaryimage"},"thumbnailUrl":"https:\/\/insightevents.se\/gatubelysningsforum\/wp-content\/uploads\/sites\/4\/2022\/05\/nyhetsbild1.png","datePublished":"2022-05-27T14:37:45+00:00","dateModified":"2023-06-01T11:00:25+00:00","author":{"@id":"https:\/\/insightevents.se\/gatubelysningsforum\/#\/schema\/person\/b988a5292612382bfb32836eca66b90d"},"breadcrumb":{"@id":"https:\/\/insightevents.se\/gatubelysningsforum\/2022\/05\/27\/det-kravs-morker-for-att-se-ljuset\/#breadcrumb"},"inLanguage":"sv-SE","potentialAction":[{"@type":"ReadAction","target":["https:\/\/insightevents.se\/gatubelysningsforum\/2022\/05\/27\/det-kravs-morker-for-att-se-ljuset\/"]}]},{"@type":"ImageObject","inLanguage":"sv-SE","@id":"https:\/\/insightevents.se\/gatubelysningsforum\/2022\/05\/27\/det-kravs-morker-for-att-se-ljuset\/#primaryimage","url":"https:\/\/insightevents.se\/gatubelysningsforum\/wp-content\/uploads\/sites\/4\/2022\/05\/nyhetsbild1.png","contentUrl":"https:\/\/insightevents.se\/gatubelysningsforum\/wp-content\/uploads\/sites\/4\/2022\/05\/nyhetsbild1.png","width":400,"height":400},{"@type":"BreadcrumbList","@id":"https:\/\/insightevents.se\/gatubelysningsforum\/2022\/05\/27\/det-kravs-morker-for-att-se-ljuset\/#breadcrumb","itemListElement":[{"@type":"ListItem","position":1,"name":"Home","item":"https:\/\/insightevents.se\/gatubelysningsforum\/"},{"@type":"ListItem","position":2,"name":"Det kr\u00e4vs m\u00f6rker f\u00f6r att se ljuset!"}]},{"@type":"WebSite","@id":"https:\/\/insightevents.se\/gatubelysningsforum\/#website","url":"https:\/\/insightevents.se\/gatubelysningsforum\/","name":"Gatubelysningsforum","description":"Konferens 8-9 september 2016","potentialAction":[{"@type":"SearchAction","target":{"@type":"EntryPoint","urlTemplate":"https:\/\/insightevents.se\/gatubelysningsforum\/?s={search_term_string}"},"query-input":{"@type":"PropertyValueSpecification","valueRequired":true,"valueName":"search_term_string"}}],"inLanguage":"sv-SE"},{"@type":"Person","@id":"https:\/\/insightevents.se\/gatubelysningsforum\/#\/schema\/person\/b988a5292612382bfb32836eca66b90d","name":"Webmaster","image":{"@type":"ImageObject","inLanguage":"sv-SE","@id":"https:\/\/secure.gravatar.com\/avatar\/1d4fe9198e176b59442a0d34bf3a2daa510b0ef5a486b5f2426c878139f72b99?s=96&d=mm&r=g","url":"https:\/\/secure.gravatar.com\/avatar\/1d4fe9198e176b59442a0d34bf3a2daa510b0ef5a486b5f2426c878139f72b99?s=96&d=mm&r=g","contentUrl":"https:\/\/secure.gravatar.com\/avatar\/1d4fe9198e176b59442a0d34bf3a2daa510b0ef5a486b5f2426c878139f72b99?s=96&d=mm&r=g","caption":"Webmaster"},"url":"https:\/\/insightevents.se\/gatubelysningsforum\/author\/webmaster\/"}]}},"_links":{"self":[{"href":"https:\/\/insightevents.se\/gatubelysningsforum\/wp-json\/wp\/v2\/posts\/1023","targetHints":{"allow":["GET"]}}],"collection":[{"href":"https:\/\/insightevents.se\/gatubelysningsforum\/wp-json\/wp\/v2\/posts"}],"about":[{"href":"https:\/\/insightevents.se\/gatubelysningsforum\/wp-json\/wp\/v2\/types\/post"}],"author":[{"embeddable":true,"href":"https:\/\/insightevents.se\/gatubelysningsforum\/wp-json\/wp\/v2\/users\/1"}],"replies":[{"embeddable":true,"href":"https:\/\/insightevents.se\/gatubelysningsforum\/wp-json\/wp\/v2\/comments?post=1023"}],"version-history":[{"count":5,"href":"https:\/\/insightevents.se\/gatubelysningsforum\/wp-json\/wp\/v2\/posts\/1023\/revisions"}],"predecessor-version":[{"id":1029,"href":"https:\/\/insightevents.se\/gatubelysningsforum\/wp-json\/wp\/v2\/posts\/1023\/revisions\/1029"}],"wp:featuredmedia":[{"embeddable":true,"href":"https:\/\/insightevents.se\/gatubelysningsforum\/wp-json\/wp\/v2\/media\/1238"}],"wp:attachment":[{"href":"https:\/\/insightevents.se\/gatubelysningsforum\/wp-json\/wp\/v2\/media?parent=1023"}],"wp:term":[{"taxonomy":"category","embeddable":true,"href":"https:\/\/insightevents.se\/gatubelysningsforum\/wp-json\/wp\/v2\/categories?post=1023"},{"taxonomy":"post_tag","embeddable":true,"href":"https:\/\/insightevents.se\/gatubelysningsforum\/wp-json\/wp\/v2\/tags?post=1023"}],"curies":[{"name":"wp","href":"https:\/\/api.w.org\/{rel}","templated":true}]}}