{"id":1313,"date":"2023-08-17T12:25:40","date_gmt":"2023-08-17T12:25:40","guid":{"rendered":"https:\/\/insightevents.se\/gatubelysningsforum\/?p=1313"},"modified":"2023-08-17T12:25:40","modified_gmt":"2023-08-17T12:25:40","slug":"kan-gatubelysningen-bli-mer-cirkular","status":"publish","type":"post","link":"https:\/\/insightevents.se\/gatubelysningsforum\/2023\/08\/17\/kan-gatubelysningen-bli-mer-cirkular\/","title":{"rendered":"Kan gatubelysningen bli mer cirkul\u00e4r?"},"content":{"rendered":"<p><img loading=\"lazy\" decoding=\"async\" class=\"alignright wp-image-1314\" src=\"https:\/\/insightevents.se\/gatubelysningsforum\/wp-content\/uploads\/sites\/4\/2023\/08\/Bjorn_Lindelof_tk_infra_id-e1692275018879-325x217.jpg\" alt=\"\" width=\"300\" height=\"300\" srcset=\"https:\/\/insightevents.se\/gatubelysningsforum\/wp-content\/uploads\/sites\/4\/2023\/08\/Bjorn_Lindelof_tk_infra_id-e1692275018879-200x200.jpg 200w, https:\/\/insightevents.se\/gatubelysningsforum\/wp-content\/uploads\/sites\/4\/2023\/08\/Bjorn_Lindelof_tk_infra_id-e1692275018879.jpg 400w\" sizes=\"auto, (max-width: 300px) 100vw, 300px\" \/><\/p>\n<p>Den cirkul\u00e4ra omst\u00e4llningen p\u00e5g\u00e5r inom m\u00e5nga branscher och \u00e4r en viktig aktivitet f\u00f6r att minska klimatp\u00e5verkan. Varje \u00e5r installeras m\u00e5nga tusen armaturer av offentliga best\u00e4llare, armaturer med stor material\u00e5tg\u00e5ng som har ett stort klimatavtryck. Kan vi bli mer cirkul\u00e4ra i v\u00e5rt arbete med offentlig belysning? Vi tog ett snack med Bj\u00f6rn Lindel\u00f6f som arbetar p\u00e5 Stockholms stad som belysningsingenj\u00f6r och \u00e4r aktuell som en av talarna p\u00e5 Gatubelysningsforum 2023.<\/p>\n<p><strong>\u00a0<\/strong><\/p>\n<p><strong>Vad kommer du att prata om p\u00e5 Gatubelysningsforum 2023? <\/strong><\/p>\n<p>Jag kommer att prata om varf\u00f6r vi beh\u00f6ver bli b\u00e4ttre p\u00e5 att titta p\u00e5 belysningsarmaturernas livscykel och hur Cirkul\u00e4r belysning kan vara ett s\u00e4tt att minska offentliga verksamheters klimatavtryck kopplat till sin belysningsanl\u00e4ggning. Vi kan g\u00f6ra mer \u00e4n bara spara energi!<\/p>\n<p><strong>Varf\u00f6r \u00e4r det viktigt att gatubelysningen blir mer cirkul\u00e4r? <\/strong><\/p>\n<p>Varje \u00e5r f\u00f6rbrukas stora m\u00e4ngder naturliga resurser p\u00e5 att tillverka belysningsmaterial. Livsl\u00e4ngden hos dessa \u00e4r varierande och v\u00e5r hypotes \u00e4r att en stor m\u00e4ngd material kasseras innan dess livsl\u00e4ngd \u00e4r uppn\u00e5dd. Det finns en stor potential i flera komponenter att leva l\u00e4ngre och nyttjas effektivare innan de pensioneras f\u00f6r gott.<\/p>\n<p><strong>Vilka f\u00f6rdelar finns f\u00f6r kommunerna med ett cirkul\u00e4rt arbetss\u00e4tt? <\/strong><\/p>\n<p>Vi minskar v\u00e5rt klimatavtryck, vilket ligger i linje med de l\u00e5ngsiktiga m\u00e5ls\u00e4ttningarna f\u00f6r alla offentliga verksamheter p\u00e5 kommunal, statlig och EU-niv\u00e5. Med ett effektivt cirkul\u00e4rt fl\u00f6de kan vi troligen \u00e4ven kapa en del kostnader.<\/p>\n<p><strong>Vilka \u00e4r utmaningarna? <\/strong><\/p>\n<p>En armaturs livsl\u00e4ngd \u00e4r komplex och det \u00e4r m\u00e5nga olika akt\u00f6rer som kommer i kontakt med produkterna under tiden. Om en armatur ska cirkuleras tillbaka f\u00f6r att \u00e5teranv\u00e4ndas, repareras eller \u00e5tervinnas s\u00e5 kommer flera av dessa akt\u00f6rer beh\u00f6va st\u00e4lla om sina verksamheter och aff\u00e4rsmodeller. De ekonomiska ramarna f\u00f6r oss som best\u00e4llare \u00e4r en annan utmaning. V\u00e5r verksamhet pr\u00e4glas av stramare driftbudgetar och \u00f6kade investeringsmedel, det premierar att k\u00f6pa och \u00e4ga material snarare \u00e4n att hyra\/leasa\/reparera.<\/p>\n<p><strong>Har du n\u00e5gra r\u00e5d eller tips du kan dela med dig av? <\/strong><\/p>\n<p>Fundera \u00f6ver hur l\u00e4nge ditt material suttit uppe n\u00e4r det kasseras och om det finns delar av det materialet som fortfarande \u00e4r funktionsdugligt. Skulle tro att de flesta kommer fram till att armaturhusen kan sitta betydligt l\u00e4ngre \u00e4n andra komponenter.<\/p>\n<p><strong>Vad hoppas du p\u00e5 att deltagarna tar med sig fr\u00e5n din presentation?<\/strong><\/p>\n<p>Jag hoppas att fler blir nyfikna och f\u00f6rst\u00e5r potentialen i id\u00e9n, f\u00f6r klimat och milj\u00f6. Samt att v\u00e4cka intresse f\u00f6r ett nystartat projekt d\u00e4r vi ska unders\u00f6ka exakt hur stor potentialen \u00e4r och ta fram ett f\u00f6rslag p\u00e5 hur en cirkul\u00e4r modell f\u00f6r gatubelysning kan se ut.<\/p>\n<p>&nbsp;<\/p>\n","protected":false},"excerpt":{"rendered":"<p>Den cirkul\u00e4ra omst\u00e4llningen p\u00e5g\u00e5r inom m\u00e5nga branscher och \u00e4r en viktig aktivitet f\u00f6r att minska klimatp\u00e5verkan. Varje \u00e5r installeras m\u00e5nga tusen armaturer av offentliga best\u00e4llare, armaturer med stor material\u00e5tg\u00e5ng som har ett stort klimatavtryck. Kan vi bli mer cirkul\u00e4ra i v\u00e5rt arbete med offentlig belysning? Vi tog ett snack med Bj\u00f6rn Lindel\u00f6f som arbetar p\u00e5 [&hellip;]<\/p>\n","protected":false},"author":1,"featured_media":1314,"comment_status":"closed","ping_status":"open","sticky":false,"template":"","format":"standard","meta":{"_acf_changed":false,"footnotes":""},"categories":[4],"tags":[],"class_list":["post-1313","post","type-post","status-publish","format-standard","has-post-thumbnail","hentry","category-nyhet"],"acf":[],"yoast_head":"<!-- This site is optimized with the Yoast SEO plugin v27.3 - https:\/\/yoast.com\/product\/yoast-seo-wordpress\/ -->\n<title>Kan gatubelysningen bli mer cirkul\u00e4r? - Gatubelysningsforum<\/title>\n<meta name=\"robots\" content=\"index, follow, max-snippet:-1, max-image-preview:large, max-video-preview:-1\" \/>\n<link rel=\"canonical\" href=\"https:\/\/insightevents.se\/gatubelysningsforum\/2023\/08\/17\/kan-gatubelysningen-bli-mer-cirkular\/\" \/>\n<meta property=\"og:locale\" content=\"sv_SE\" \/>\n<meta property=\"og:type\" content=\"article\" \/>\n<meta property=\"og:title\" content=\"Kan gatubelysningen bli mer cirkul\u00e4r? - Gatubelysningsforum\" \/>\n<meta property=\"og:description\" content=\"Den cirkul\u00e4ra omst\u00e4llningen p\u00e5g\u00e5r inom m\u00e5nga branscher och \u00e4r en viktig aktivitet f\u00f6r att minska klimatp\u00e5verkan. Varje \u00e5r installeras m\u00e5nga tusen armaturer av offentliga best\u00e4llare, armaturer med stor material\u00e5tg\u00e5ng som har ett stort klimatavtryck. Kan vi bli mer cirkul\u00e4ra i v\u00e5rt arbete med offentlig belysning? Vi tog ett snack med Bj\u00f6rn Lindel\u00f6f som arbetar p\u00e5 [&hellip;]\" \/>\n<meta property=\"og:url\" content=\"https:\/\/insightevents.se\/gatubelysningsforum\/2023\/08\/17\/kan-gatubelysningen-bli-mer-cirkular\/\" \/>\n<meta property=\"og:site_name\" content=\"Gatubelysningsforum\" \/>\n<meta property=\"article:published_time\" content=\"2023-08-17T12:25:40+00:00\" \/>\n<meta property=\"og:image\" content=\"https:\/\/insightevents.se\/gatubelysningsforum\/wp-content\/uploads\/sites\/4\/2023\/08\/Bjorn_Lindelof_tk_infra_id-e1692275018879.jpg\" \/>\n\t<meta property=\"og:image:width\" content=\"400\" \/>\n\t<meta property=\"og:image:height\" content=\"400\" \/>\n\t<meta property=\"og:image:type\" content=\"image\/jpeg\" \/>\n<meta name=\"author\" content=\"Webmaster\" \/>\n<meta name=\"twitter:card\" content=\"summary_large_image\" \/>\n<meta name=\"twitter:label1\" content=\"Skriven av\" \/>\n\t<meta name=\"twitter:data1\" content=\"Webmaster\" \/>\n\t<meta name=\"twitter:label2\" content=\"Ber\u00e4knad l\u00e4stid\" \/>\n\t<meta name=\"twitter:data2\" content=\"3 minuter\" \/>\n<script type=\"application\/ld+json\" class=\"yoast-schema-graph\">{\"@context\":\"https:\\\/\\\/schema.org\",\"@graph\":[{\"@type\":\"Article\",\"@id\":\"https:\\\/\\\/insightevents.se\\\/gatubelysningsforum\\\/2023\\\/08\\\/17\\\/kan-gatubelysningen-bli-mer-cirkular\\\/#article\",\"isPartOf\":{\"@id\":\"https:\\\/\\\/insightevents.se\\\/gatubelysningsforum\\\/2023\\\/08\\\/17\\\/kan-gatubelysningen-bli-mer-cirkular\\\/\"},\"author\":{\"name\":\"Webmaster\",\"@id\":\"https:\\\/\\\/insightevents.se\\\/gatubelysningsforum\\\/#\\\/schema\\\/person\\\/b988a5292612382bfb32836eca66b90d\"},\"headline\":\"Kan gatubelysningen bli mer cirkul\u00e4r?\",\"datePublished\":\"2023-08-17T12:25:40+00:00\",\"mainEntityOfPage\":{\"@id\":\"https:\\\/\\\/insightevents.se\\\/gatubelysningsforum\\\/2023\\\/08\\\/17\\\/kan-gatubelysningen-bli-mer-cirkular\\\/\"},\"wordCount\":493,\"image\":{\"@id\":\"https:\\\/\\\/insightevents.se\\\/gatubelysningsforum\\\/2023\\\/08\\\/17\\\/kan-gatubelysningen-bli-mer-cirkular\\\/#primaryimage\"},\"thumbnailUrl\":\"https:\\\/\\\/insightevents.se\\\/gatubelysningsforum\\\/wp-content\\\/uploads\\\/sites\\\/4\\\/2023\\\/08\\\/Bjorn_Lindelof_tk_infra_id-e1692275018879.jpg\",\"articleSection\":[\"Nyhet\"],\"inLanguage\":\"sv-SE\"},{\"@type\":\"WebPage\",\"@id\":\"https:\\\/\\\/insightevents.se\\\/gatubelysningsforum\\\/2023\\\/08\\\/17\\\/kan-gatubelysningen-bli-mer-cirkular\\\/\",\"url\":\"https:\\\/\\\/insightevents.se\\\/gatubelysningsforum\\\/2023\\\/08\\\/17\\\/kan-gatubelysningen-bli-mer-cirkular\\\/\",\"name\":\"Kan gatubelysningen bli mer cirkul\u00e4r? - Gatubelysningsforum\",\"isPartOf\":{\"@id\":\"https:\\\/\\\/insightevents.se\\\/gatubelysningsforum\\\/#website\"},\"primaryImageOfPage\":{\"@id\":\"https:\\\/\\\/insightevents.se\\\/gatubelysningsforum\\\/2023\\\/08\\\/17\\\/kan-gatubelysningen-bli-mer-cirkular\\\/#primaryimage\"},\"image\":{\"@id\":\"https:\\\/\\\/insightevents.se\\\/gatubelysningsforum\\\/2023\\\/08\\\/17\\\/kan-gatubelysningen-bli-mer-cirkular\\\/#primaryimage\"},\"thumbnailUrl\":\"https:\\\/\\\/insightevents.se\\\/gatubelysningsforum\\\/wp-content\\\/uploads\\\/sites\\\/4\\\/2023\\\/08\\\/Bjorn_Lindelof_tk_infra_id-e1692275018879.jpg\",\"datePublished\":\"2023-08-17T12:25:40+00:00\",\"author\":{\"@id\":\"https:\\\/\\\/insightevents.se\\\/gatubelysningsforum\\\/#\\\/schema\\\/person\\\/b988a5292612382bfb32836eca66b90d\"},\"breadcrumb\":{\"@id\":\"https:\\\/\\\/insightevents.se\\\/gatubelysningsforum\\\/2023\\\/08\\\/17\\\/kan-gatubelysningen-bli-mer-cirkular\\\/#breadcrumb\"},\"inLanguage\":\"sv-SE\",\"potentialAction\":[{\"@type\":\"ReadAction\",\"target\":[\"https:\\\/\\\/insightevents.se\\\/gatubelysningsforum\\\/2023\\\/08\\\/17\\\/kan-gatubelysningen-bli-mer-cirkular\\\/\"]}]},{\"@type\":\"ImageObject\",\"inLanguage\":\"sv-SE\",\"@id\":\"https:\\\/\\\/insightevents.se\\\/gatubelysningsforum\\\/2023\\\/08\\\/17\\\/kan-gatubelysningen-bli-mer-cirkular\\\/#primaryimage\",\"url\":\"https:\\\/\\\/insightevents.se\\\/gatubelysningsforum\\\/wp-content\\\/uploads\\\/sites\\\/4\\\/2023\\\/08\\\/Bjorn_Lindelof_tk_infra_id-e1692275018879.jpg\",\"contentUrl\":\"https:\\\/\\\/insightevents.se\\\/gatubelysningsforum\\\/wp-content\\\/uploads\\\/sites\\\/4\\\/2023\\\/08\\\/Bjorn_Lindelof_tk_infra_id-e1692275018879.jpg\",\"width\":400,\"height\":400},{\"@type\":\"BreadcrumbList\",\"@id\":\"https:\\\/\\\/insightevents.se\\\/gatubelysningsforum\\\/2023\\\/08\\\/17\\\/kan-gatubelysningen-bli-mer-cirkular\\\/#breadcrumb\",\"itemListElement\":[{\"@type\":\"ListItem\",\"position\":1,\"name\":\"Home\",\"item\":\"https:\\\/\\\/insightevents.se\\\/gatubelysningsforum\\\/\"},{\"@type\":\"ListItem\",\"position\":2,\"name\":\"Kan gatubelysningen bli mer cirkul\u00e4r?\"}]},{\"@type\":\"WebSite\",\"@id\":\"https:\\\/\\\/insightevents.se\\\/gatubelysningsforum\\\/#website\",\"url\":\"https:\\\/\\\/insightevents.se\\\/gatubelysningsforum\\\/\",\"name\":\"Gatubelysningsforum\",\"description\":\"Konferens 8-9 september 2016\",\"potentialAction\":[{\"@type\":\"SearchAction\",\"target\":{\"@type\":\"EntryPoint\",\"urlTemplate\":\"https:\\\/\\\/insightevents.se\\\/gatubelysningsforum\\\/?s={search_term_string}\"},\"query-input\":{\"@type\":\"PropertyValueSpecification\",\"valueRequired\":true,\"valueName\":\"search_term_string\"}}],\"inLanguage\":\"sv-SE\"},{\"@type\":\"Person\",\"@id\":\"https:\\\/\\\/insightevents.se\\\/gatubelysningsforum\\\/#\\\/schema\\\/person\\\/b988a5292612382bfb32836eca66b90d\",\"name\":\"Webmaster\",\"image\":{\"@type\":\"ImageObject\",\"inLanguage\":\"sv-SE\",\"@id\":\"https:\\\/\\\/secure.gravatar.com\\\/avatar\\\/1d4fe9198e176b59442a0d34bf3a2daa510b0ef5a486b5f2426c878139f72b99?s=96&d=mm&r=g\",\"url\":\"https:\\\/\\\/secure.gravatar.com\\\/avatar\\\/1d4fe9198e176b59442a0d34bf3a2daa510b0ef5a486b5f2426c878139f72b99?s=96&d=mm&r=g\",\"contentUrl\":\"https:\\\/\\\/secure.gravatar.com\\\/avatar\\\/1d4fe9198e176b59442a0d34bf3a2daa510b0ef5a486b5f2426c878139f72b99?s=96&d=mm&r=g\",\"caption\":\"Webmaster\"},\"url\":\"https:\\\/\\\/insightevents.se\\\/gatubelysningsforum\\\/author\\\/webmaster\\\/\"}]}<\/script>\n<!-- \/ Yoast SEO plugin. -->","yoast_head_json":{"title":"Kan gatubelysningen bli mer cirkul\u00e4r? - Gatubelysningsforum","robots":{"index":"index","follow":"follow","max-snippet":"max-snippet:-1","max-image-preview":"max-image-preview:large","max-video-preview":"max-video-preview:-1"},"canonical":"https:\/\/insightevents.se\/gatubelysningsforum\/2023\/08\/17\/kan-gatubelysningen-bli-mer-cirkular\/","og_locale":"sv_SE","og_type":"article","og_title":"Kan gatubelysningen bli mer cirkul\u00e4r? - Gatubelysningsforum","og_description":"Den cirkul\u00e4ra omst\u00e4llningen p\u00e5g\u00e5r inom m\u00e5nga branscher och \u00e4r en viktig aktivitet f\u00f6r att minska klimatp\u00e5verkan. Varje \u00e5r installeras m\u00e5nga tusen armaturer av offentliga best\u00e4llare, armaturer med stor material\u00e5tg\u00e5ng som har ett stort klimatavtryck. Kan vi bli mer cirkul\u00e4ra i v\u00e5rt arbete med offentlig belysning? Vi tog ett snack med Bj\u00f6rn Lindel\u00f6f som arbetar p\u00e5 [&hellip;]","og_url":"https:\/\/insightevents.se\/gatubelysningsforum\/2023\/08\/17\/kan-gatubelysningen-bli-mer-cirkular\/","og_site_name":"Gatubelysningsforum","article_published_time":"2023-08-17T12:25:40+00:00","og_image":[{"width":400,"height":400,"url":"https:\/\/insightevents.se\/gatubelysningsforum\/wp-content\/uploads\/sites\/4\/2023\/08\/Bjorn_Lindelof_tk_infra_id-e1692275018879.jpg","type":"image\/jpeg"}],"author":"Webmaster","twitter_card":"summary_large_image","twitter_misc":{"Skriven av":"Webmaster","Ber\u00e4knad l\u00e4stid":"3 minuter"},"schema":{"@context":"https:\/\/schema.org","@graph":[{"@type":"Article","@id":"https:\/\/insightevents.se\/gatubelysningsforum\/2023\/08\/17\/kan-gatubelysningen-bli-mer-cirkular\/#article","isPartOf":{"@id":"https:\/\/insightevents.se\/gatubelysningsforum\/2023\/08\/17\/kan-gatubelysningen-bli-mer-cirkular\/"},"author":{"name":"Webmaster","@id":"https:\/\/insightevents.se\/gatubelysningsforum\/#\/schema\/person\/b988a5292612382bfb32836eca66b90d"},"headline":"Kan gatubelysningen bli mer cirkul\u00e4r?","datePublished":"2023-08-17T12:25:40+00:00","mainEntityOfPage":{"@id":"https:\/\/insightevents.se\/gatubelysningsforum\/2023\/08\/17\/kan-gatubelysningen-bli-mer-cirkular\/"},"wordCount":493,"image":{"@id":"https:\/\/insightevents.se\/gatubelysningsforum\/2023\/08\/17\/kan-gatubelysningen-bli-mer-cirkular\/#primaryimage"},"thumbnailUrl":"https:\/\/insightevents.se\/gatubelysningsforum\/wp-content\/uploads\/sites\/4\/2023\/08\/Bjorn_Lindelof_tk_infra_id-e1692275018879.jpg","articleSection":["Nyhet"],"inLanguage":"sv-SE"},{"@type":"WebPage","@id":"https:\/\/insightevents.se\/gatubelysningsforum\/2023\/08\/17\/kan-gatubelysningen-bli-mer-cirkular\/","url":"https:\/\/insightevents.se\/gatubelysningsforum\/2023\/08\/17\/kan-gatubelysningen-bli-mer-cirkular\/","name":"Kan gatubelysningen bli mer cirkul\u00e4r? - Gatubelysningsforum","isPartOf":{"@id":"https:\/\/insightevents.se\/gatubelysningsforum\/#website"},"primaryImageOfPage":{"@id":"https:\/\/insightevents.se\/gatubelysningsforum\/2023\/08\/17\/kan-gatubelysningen-bli-mer-cirkular\/#primaryimage"},"image":{"@id":"https:\/\/insightevents.se\/gatubelysningsforum\/2023\/08\/17\/kan-gatubelysningen-bli-mer-cirkular\/#primaryimage"},"thumbnailUrl":"https:\/\/insightevents.se\/gatubelysningsforum\/wp-content\/uploads\/sites\/4\/2023\/08\/Bjorn_Lindelof_tk_infra_id-e1692275018879.jpg","datePublished":"2023-08-17T12:25:40+00:00","author":{"@id":"https:\/\/insightevents.se\/gatubelysningsforum\/#\/schema\/person\/b988a5292612382bfb32836eca66b90d"},"breadcrumb":{"@id":"https:\/\/insightevents.se\/gatubelysningsforum\/2023\/08\/17\/kan-gatubelysningen-bli-mer-cirkular\/#breadcrumb"},"inLanguage":"sv-SE","potentialAction":[{"@type":"ReadAction","target":["https:\/\/insightevents.se\/gatubelysningsforum\/2023\/08\/17\/kan-gatubelysningen-bli-mer-cirkular\/"]}]},{"@type":"ImageObject","inLanguage":"sv-SE","@id":"https:\/\/insightevents.se\/gatubelysningsforum\/2023\/08\/17\/kan-gatubelysningen-bli-mer-cirkular\/#primaryimage","url":"https:\/\/insightevents.se\/gatubelysningsforum\/wp-content\/uploads\/sites\/4\/2023\/08\/Bjorn_Lindelof_tk_infra_id-e1692275018879.jpg","contentUrl":"https:\/\/insightevents.se\/gatubelysningsforum\/wp-content\/uploads\/sites\/4\/2023\/08\/Bjorn_Lindelof_tk_infra_id-e1692275018879.jpg","width":400,"height":400},{"@type":"BreadcrumbList","@id":"https:\/\/insightevents.se\/gatubelysningsforum\/2023\/08\/17\/kan-gatubelysningen-bli-mer-cirkular\/#breadcrumb","itemListElement":[{"@type":"ListItem","position":1,"name":"Home","item":"https:\/\/insightevents.se\/gatubelysningsforum\/"},{"@type":"ListItem","position":2,"name":"Kan gatubelysningen bli mer cirkul\u00e4r?"}]},{"@type":"WebSite","@id":"https:\/\/insightevents.se\/gatubelysningsforum\/#website","url":"https:\/\/insightevents.se\/gatubelysningsforum\/","name":"Gatubelysningsforum","description":"Konferens 8-9 september 2016","potentialAction":[{"@type":"SearchAction","target":{"@type":"EntryPoint","urlTemplate":"https:\/\/insightevents.se\/gatubelysningsforum\/?s={search_term_string}"},"query-input":{"@type":"PropertyValueSpecification","valueRequired":true,"valueName":"search_term_string"}}],"inLanguage":"sv-SE"},{"@type":"Person","@id":"https:\/\/insightevents.se\/gatubelysningsforum\/#\/schema\/person\/b988a5292612382bfb32836eca66b90d","name":"Webmaster","image":{"@type":"ImageObject","inLanguage":"sv-SE","@id":"https:\/\/secure.gravatar.com\/avatar\/1d4fe9198e176b59442a0d34bf3a2daa510b0ef5a486b5f2426c878139f72b99?s=96&d=mm&r=g","url":"https:\/\/secure.gravatar.com\/avatar\/1d4fe9198e176b59442a0d34bf3a2daa510b0ef5a486b5f2426c878139f72b99?s=96&d=mm&r=g","contentUrl":"https:\/\/secure.gravatar.com\/avatar\/1d4fe9198e176b59442a0d34bf3a2daa510b0ef5a486b5f2426c878139f72b99?s=96&d=mm&r=g","caption":"Webmaster"},"url":"https:\/\/insightevents.se\/gatubelysningsforum\/author\/webmaster\/"}]}},"_links":{"self":[{"href":"https:\/\/insightevents.se\/gatubelysningsforum\/wp-json\/wp\/v2\/posts\/1313","targetHints":{"allow":["GET"]}}],"collection":[{"href":"https:\/\/insightevents.se\/gatubelysningsforum\/wp-json\/wp\/v2\/posts"}],"about":[{"href":"https:\/\/insightevents.se\/gatubelysningsforum\/wp-json\/wp\/v2\/types\/post"}],"author":[{"embeddable":true,"href":"https:\/\/insightevents.se\/gatubelysningsforum\/wp-json\/wp\/v2\/users\/1"}],"replies":[{"embeddable":true,"href":"https:\/\/insightevents.se\/gatubelysningsforum\/wp-json\/wp\/v2\/comments?post=1313"}],"version-history":[{"count":2,"href":"https:\/\/insightevents.se\/gatubelysningsforum\/wp-json\/wp\/v2\/posts\/1313\/revisions"}],"predecessor-version":[{"id":1316,"href":"https:\/\/insightevents.se\/gatubelysningsforum\/wp-json\/wp\/v2\/posts\/1313\/revisions\/1316"}],"wp:featuredmedia":[{"embeddable":true,"href":"https:\/\/insightevents.se\/gatubelysningsforum\/wp-json\/wp\/v2\/media\/1314"}],"wp:attachment":[{"href":"https:\/\/insightevents.se\/gatubelysningsforum\/wp-json\/wp\/v2\/media?parent=1313"}],"wp:term":[{"taxonomy":"category","embeddable":true,"href":"https:\/\/insightevents.se\/gatubelysningsforum\/wp-json\/wp\/v2\/categories?post=1313"},{"taxonomy":"post_tag","embeddable":true,"href":"https:\/\/insightevents.se\/gatubelysningsforum\/wp-json\/wp\/v2\/tags?post=1313"}],"curies":[{"name":"wp","href":"https:\/\/api.w.org\/{rel}","templated":true}]}}