{"id":436,"date":"2018-06-07T13:39:19","date_gmt":"2018-06-07T13:39:19","guid":{"rendered":"https:\/\/insightevents.se\/gatubelysningsforum\/?p=436"},"modified":"2022-08-08T12:17:01","modified_gmt":"2022-08-08T12:17:01","slug":"utstallarintervju-sara-jirback-fagerhult","status":"publish","type":"post","link":"https:\/\/insightevents.se\/gatubelysningsforum\/2018\/06\/07\/utstallarintervju-sara-jirback-fagerhult\/","title":{"rendered":"Intervju &#8211; Sara Jirb\u00e4ck, Fagerhult"},"content":{"rendered":"<h3><img loading=\"lazy\" decoding=\"async\" class=\"wp-image-439 size-full alignnone\" src=\"https:\/\/insightevents.se\/gatubelysningsforum\/wp-content\/uploads\/sites\/4\/2018\/06\/sarajirback2.jpg\" width=\"1000\" height=\"350\" srcset=\"https:\/\/insightevents.se\/gatubelysningsforum\/wp-content\/uploads\/sites\/4\/2018\/06\/sarajirback2.jpg 1000w, https:\/\/insightevents.se\/gatubelysningsforum\/wp-content\/uploads\/sites\/4\/2018\/06\/sarajirback2-300x105.jpg 300w, https:\/\/insightevents.se\/gatubelysningsforum\/wp-content\/uploads\/sites\/4\/2018\/06\/sarajirback2-768x269.jpg 768w\" sizes=\"auto, (max-width: 1000px) 100vw, 1000px\" \/><\/h3>\n<h3>Vi fick chansen att st\u00e4lla 5 snabba fr\u00e5gor om LED- och belysningsmarknaden till Sara Jirb\u00e4ck p\u00e5 Fagerhult som st\u00e4ller ut p\u00e5 \u00e5rets Gatubelysningsforum.<\/h3>\n<p><strong>Kan du kortfattat f\u00f6rklara din roll, engagemang och erfarenhet inom gatubelysningsmarknaden?<br \/>\n<\/strong>Min st\u00f6rsta drivkraft \u00e4r att skapa mer s\u00e4kra och trygga utemilj\u00f6er med belysning och ny teknik. Jag \u00e4r f\u00f6rs\u00e4ljningschef f\u00f6r utomhusbelysning p\u00e5 Fagerhult Sverige. \u00c5r 2014 lanserade vi v\u00e5r f\u00f6rsta egentillverkade armatur f\u00f6r gata och v\u00e4g. Idag \u00e4r vi en av de etablerade akt\u00f6rerna p\u00e5 utomhusmarknaden. Vi har byggt upp en s\u00e4lj- och supportorganisation som t\u00e4cker hela landet och hj\u00e4lper kunder med information, kunskap och v\u00e4gledning. Och vi \u00e4r bara i b\u00f6rjan p\u00e5 v\u00e5r resa\u2026<\/p>\n<p><strong>Inf\u00f6randet av LED-teknik har varit ett v\u00e4ldigt popul\u00e4rt \u00e4mne och haft en stor inverkan p\u00e5 den svenska gatubelysningsmarknaden. Hur skulle du s\u00e4ga att gatubelysningsmarknaden har utvecklats i samband med inf\u00f6randet av LED-belysning under de senaste 5 \u00e5ren?<br \/>\n<\/strong>Det finns mycket att s\u00e4ga h\u00e4r. Men kort sagt s\u00e5 har allt f\u00f6rb\u00e4ttrats men det kr\u00e4ver arbete. LED s\u00e4nker energif\u00f6rbrukningen och sparar pengar. Och den nya tekniken kommer med n\u00e4stan obegr\u00e4nsade m\u00f6jligheter att anpassa ljuset med styrning s\u00e5 man kan anpassa efter behov eller vara kreativ och skapa sp\u00e4nnande milj\u00f6er. Men allt blir ocks\u00e5 mer komplext. Den nya tekniken st\u00e4ller h\u00f6gre krav best\u00e4llare och leverant\u00f6rer och kunskap \u00e4r nyckeln till lyckade projekt.<\/p>\n<p><strong>Vad anser du vara den st\u00f6rsta utmaningen f\u00f6r organisationer som vill inf\u00f6ra LED-belysning\/teknik i sitt gatubelysningsarbete?<br \/>\n<\/strong>Det \u00e4r att allt \u00e4r mer komplext och kr\u00e4ver mer av oss som arbetar med det. Som best\u00e4llare kan man inte vara n\u00f6jd med att bara investera i LED. Bara f\u00f6r att det \u00e4r LED s\u00e5 beh\u00f6ver det inte vara r\u00e4tt produkt f\u00f6r \u00e4ndam\u00e5let. Trafikverket har tagit fram ett kravdokument (VGU) som \u00e4r r\u00e5dg\u00f6rande f\u00f6r kommunerna men som \u00e4r v\u00e4rt f\u00f6r alla att ta en extra titt i innan man byter ut belysningen p\u00e5 gator och v\u00e4gar. Att v\u00e4lja r\u00e4tt ljusoptik f\u00f6r att f\u00e5 r\u00e4tt spridning av ljuset samt med en j\u00e4mnhet utan att bl\u00e4nda \u00e4r viktiga aspekter vid val av armatur. Ibland kan det ocks\u00e5 vara bra att g\u00f6ra praktiska tester f\u00f6r att se om upplevelsen \u00e4r vad man har sett i en teoretisk ber\u00e4kning.<\/p>\n<p><strong>Har du n\u00e5gra tips f\u00f6r de organisationer som just nu genomg\u00e5r eller kommer att genomg\u00e5 ett st\u00f6rre arbete att inf\u00f6ra LED-belysning?<br \/>\n<\/strong>Anv\u00e4nd den kunskap som finns. Tacka ja till f\u00f6retag som vill komma ut och informera inom \u00e4mnet. Man l\u00e4r sig alltid n\u00e5got nytt och ju mer kunskap man har desto st\u00f6rre chans \u00e4r det att man g\u00f6r ett smart val.<\/p>\n<p><strong>Slutligen, vad tror du kommer vara n\u00e4sta steg eller m\u00f6jlighet inom gatubelysningsarbetet i Sverige?<br \/>\n<\/strong>Jag tror att vi kommer att se mer uppkopplade st\u00e4der d\u00e4r man via sitt kontor b\u00e5de kan styra och ha kontroll \u00f6ver sin anl\u00e4ggning<\/p>\n","protected":false},"excerpt":{"rendered":"<p>Vi fick chansen att st\u00e4lla 5 snabba fr\u00e5gor om LED- och belysningsmarknaden till Sara Jirb\u00e4ck p\u00e5 Fagerhult som st\u00e4ller ut p\u00e5 \u00e5rets Gatubelysningsforum. Kan du kortfattat f\u00f6rklara din roll, engagemang och erfarenhet inom gatubelysningsmarknaden? Min st\u00f6rsta drivkraft \u00e4r att skapa mer s\u00e4kra och trygga utemilj\u00f6er med belysning och ny teknik. Jag \u00e4r f\u00f6rs\u00e4ljningschef f\u00f6r utomhusbelysning [&hellip;]<\/p>\n","protected":false},"author":1,"featured_media":0,"comment_status":"closed","ping_status":"open","sticky":false,"template":"","format":"standard","meta":{"_acf_changed":false,"footnotes":""},"categories":[1],"tags":[],"class_list":["post-436","post","type-post","status-publish","format-standard","hentry","category-uncategorized"],"acf":[],"yoast_head":"<!-- This site is optimized with the Yoast SEO plugin v27.3 - https:\/\/yoast.com\/product\/yoast-seo-wordpress\/ -->\n<title>Intervju - Sara Jirb\u00e4ck, Fagerhult - Gatubelysningsforum<\/title>\n<meta name=\"robots\" content=\"index, follow, max-snippet:-1, max-image-preview:large, max-video-preview:-1\" \/>\n<link rel=\"canonical\" href=\"https:\/\/insightevents.se\/gatubelysningsforum\/2018\/06\/07\/utstallarintervju-sara-jirback-fagerhult\/\" \/>\n<meta property=\"og:locale\" content=\"sv_SE\" \/>\n<meta property=\"og:type\" content=\"article\" \/>\n<meta property=\"og:title\" content=\"Intervju - Sara Jirb\u00e4ck, Fagerhult - Gatubelysningsforum\" \/>\n<meta property=\"og:description\" content=\"Vi fick chansen att st\u00e4lla 5 snabba fr\u00e5gor om LED- och belysningsmarknaden till Sara Jirb\u00e4ck p\u00e5 Fagerhult som st\u00e4ller ut p\u00e5 \u00e5rets Gatubelysningsforum. Kan du kortfattat f\u00f6rklara din roll, engagemang och erfarenhet inom gatubelysningsmarknaden? Min st\u00f6rsta drivkraft \u00e4r att skapa mer s\u00e4kra och trygga utemilj\u00f6er med belysning och ny teknik. Jag \u00e4r f\u00f6rs\u00e4ljningschef f\u00f6r utomhusbelysning [&hellip;]\" \/>\n<meta property=\"og:url\" content=\"https:\/\/insightevents.se\/gatubelysningsforum\/2018\/06\/07\/utstallarintervju-sara-jirback-fagerhult\/\" \/>\n<meta property=\"og:site_name\" content=\"Gatubelysningsforum\" \/>\n<meta property=\"article:published_time\" content=\"2018-06-07T13:39:19+00:00\" \/>\n<meta property=\"article:modified_time\" content=\"2022-08-08T12:17:01+00:00\" \/>\n<meta property=\"og:image\" content=\"https:\/\/insightevents.se\/gatubelysningsforum\/wp-content\/uploads\/sites\/4\/2018\/06\/sarajirback2.jpg\" \/>\n<meta name=\"author\" content=\"Webmaster\" \/>\n<meta name=\"twitter:card\" content=\"summary_large_image\" \/>\n<meta name=\"twitter:label1\" content=\"Skriven av\" \/>\n\t<meta name=\"twitter:data1\" content=\"Webmaster\" \/>\n\t<meta name=\"twitter:label2\" content=\"Ber\u00e4knad l\u00e4stid\" \/>\n\t<meta name=\"twitter:data2\" content=\"3 minuter\" \/>\n<script type=\"application\/ld+json\" class=\"yoast-schema-graph\">{\"@context\":\"https:\\\/\\\/schema.org\",\"@graph\":[{\"@type\":\"Article\",\"@id\":\"https:\\\/\\\/insightevents.se\\\/gatubelysningsforum\\\/2018\\\/06\\\/07\\\/utstallarintervju-sara-jirback-fagerhult\\\/#article\",\"isPartOf\":{\"@id\":\"https:\\\/\\\/insightevents.se\\\/gatubelysningsforum\\\/2018\\\/06\\\/07\\\/utstallarintervju-sara-jirback-fagerhult\\\/\"},\"author\":{\"name\":\"Webmaster\",\"@id\":\"https:\\\/\\\/insightevents.se\\\/gatubelysningsforum\\\/#\\\/schema\\\/person\\\/b988a5292612382bfb32836eca66b90d\"},\"headline\":\"Intervju &#8211; Sara Jirb\u00e4ck, Fagerhult\",\"datePublished\":\"2018-06-07T13:39:19+00:00\",\"dateModified\":\"2022-08-08T12:17:01+00:00\",\"mainEntityOfPage\":{\"@id\":\"https:\\\/\\\/insightevents.se\\\/gatubelysningsforum\\\/2018\\\/06\\\/07\\\/utstallarintervju-sara-jirback-fagerhult\\\/\"},\"wordCount\":549,\"image\":{\"@id\":\"https:\\\/\\\/insightevents.se\\\/gatubelysningsforum\\\/2018\\\/06\\\/07\\\/utstallarintervju-sara-jirback-fagerhult\\\/#primaryimage\"},\"thumbnailUrl\":\"https:\\\/\\\/insightevents.se\\\/gatubelysningsforum\\\/wp-content\\\/uploads\\\/sites\\\/4\\\/2018\\\/06\\\/sarajirback2.jpg\",\"articleSection\":[\"Uncategorized\"],\"inLanguage\":\"sv-SE\"},{\"@type\":\"WebPage\",\"@id\":\"https:\\\/\\\/insightevents.se\\\/gatubelysningsforum\\\/2018\\\/06\\\/07\\\/utstallarintervju-sara-jirback-fagerhult\\\/\",\"url\":\"https:\\\/\\\/insightevents.se\\\/gatubelysningsforum\\\/2018\\\/06\\\/07\\\/utstallarintervju-sara-jirback-fagerhult\\\/\",\"name\":\"Intervju - Sara Jirb\u00e4ck, Fagerhult - Gatubelysningsforum\",\"isPartOf\":{\"@id\":\"https:\\\/\\\/insightevents.se\\\/gatubelysningsforum\\\/#website\"},\"primaryImageOfPage\":{\"@id\":\"https:\\\/\\\/insightevents.se\\\/gatubelysningsforum\\\/2018\\\/06\\\/07\\\/utstallarintervju-sara-jirback-fagerhult\\\/#primaryimage\"},\"image\":{\"@id\":\"https:\\\/\\\/insightevents.se\\\/gatubelysningsforum\\\/2018\\\/06\\\/07\\\/utstallarintervju-sara-jirback-fagerhult\\\/#primaryimage\"},\"thumbnailUrl\":\"https:\\\/\\\/insightevents.se\\\/gatubelysningsforum\\\/wp-content\\\/uploads\\\/sites\\\/4\\\/2018\\\/06\\\/sarajirback2.jpg\",\"datePublished\":\"2018-06-07T13:39:19+00:00\",\"dateModified\":\"2022-08-08T12:17:01+00:00\",\"author\":{\"@id\":\"https:\\\/\\\/insightevents.se\\\/gatubelysningsforum\\\/#\\\/schema\\\/person\\\/b988a5292612382bfb32836eca66b90d\"},\"breadcrumb\":{\"@id\":\"https:\\\/\\\/insightevents.se\\\/gatubelysningsforum\\\/2018\\\/06\\\/07\\\/utstallarintervju-sara-jirback-fagerhult\\\/#breadcrumb\"},\"inLanguage\":\"sv-SE\",\"potentialAction\":[{\"@type\":\"ReadAction\",\"target\":[\"https:\\\/\\\/insightevents.se\\\/gatubelysningsforum\\\/2018\\\/06\\\/07\\\/utstallarintervju-sara-jirback-fagerhult\\\/\"]}]},{\"@type\":\"ImageObject\",\"inLanguage\":\"sv-SE\",\"@id\":\"https:\\\/\\\/insightevents.se\\\/gatubelysningsforum\\\/2018\\\/06\\\/07\\\/utstallarintervju-sara-jirback-fagerhult\\\/#primaryimage\",\"url\":\"https:\\\/\\\/insightevents.se\\\/gatubelysningsforum\\\/wp-content\\\/uploads\\\/sites\\\/4\\\/2018\\\/06\\\/sarajirback2.jpg\",\"contentUrl\":\"https:\\\/\\\/insightevents.se\\\/gatubelysningsforum\\\/wp-content\\\/uploads\\\/sites\\\/4\\\/2018\\\/06\\\/sarajirback2.jpg\",\"width\":1000,\"height\":350},{\"@type\":\"BreadcrumbList\",\"@id\":\"https:\\\/\\\/insightevents.se\\\/gatubelysningsforum\\\/2018\\\/06\\\/07\\\/utstallarintervju-sara-jirback-fagerhult\\\/#breadcrumb\",\"itemListElement\":[{\"@type\":\"ListItem\",\"position\":1,\"name\":\"Home\",\"item\":\"https:\\\/\\\/insightevents.se\\\/gatubelysningsforum\\\/\"},{\"@type\":\"ListItem\",\"position\":2,\"name\":\"Intervju &#8211; Sara Jirb\u00e4ck, Fagerhult\"}]},{\"@type\":\"WebSite\",\"@id\":\"https:\\\/\\\/insightevents.se\\\/gatubelysningsforum\\\/#website\",\"url\":\"https:\\\/\\\/insightevents.se\\\/gatubelysningsforum\\\/\",\"name\":\"Gatubelysningsforum\",\"description\":\"Konferens 8-9 september 2016\",\"potentialAction\":[{\"@type\":\"SearchAction\",\"target\":{\"@type\":\"EntryPoint\",\"urlTemplate\":\"https:\\\/\\\/insightevents.se\\\/gatubelysningsforum\\\/?s={search_term_string}\"},\"query-input\":{\"@type\":\"PropertyValueSpecification\",\"valueRequired\":true,\"valueName\":\"search_term_string\"}}],\"inLanguage\":\"sv-SE\"},{\"@type\":\"Person\",\"@id\":\"https:\\\/\\\/insightevents.se\\\/gatubelysningsforum\\\/#\\\/schema\\\/person\\\/b988a5292612382bfb32836eca66b90d\",\"name\":\"Webmaster\",\"image\":{\"@type\":\"ImageObject\",\"inLanguage\":\"sv-SE\",\"@id\":\"https:\\\/\\\/secure.gravatar.com\\\/avatar\\\/1d4fe9198e176b59442a0d34bf3a2daa510b0ef5a486b5f2426c878139f72b99?s=96&d=mm&r=g\",\"url\":\"https:\\\/\\\/secure.gravatar.com\\\/avatar\\\/1d4fe9198e176b59442a0d34bf3a2daa510b0ef5a486b5f2426c878139f72b99?s=96&d=mm&r=g\",\"contentUrl\":\"https:\\\/\\\/secure.gravatar.com\\\/avatar\\\/1d4fe9198e176b59442a0d34bf3a2daa510b0ef5a486b5f2426c878139f72b99?s=96&d=mm&r=g\",\"caption\":\"Webmaster\"},\"url\":\"https:\\\/\\\/insightevents.se\\\/gatubelysningsforum\\\/author\\\/webmaster\\\/\"}]}<\/script>\n<!-- \/ Yoast SEO plugin. -->","yoast_head_json":{"title":"Intervju - Sara Jirb\u00e4ck, Fagerhult - Gatubelysningsforum","robots":{"index":"index","follow":"follow","max-snippet":"max-snippet:-1","max-image-preview":"max-image-preview:large","max-video-preview":"max-video-preview:-1"},"canonical":"https:\/\/insightevents.se\/gatubelysningsforum\/2018\/06\/07\/utstallarintervju-sara-jirback-fagerhult\/","og_locale":"sv_SE","og_type":"article","og_title":"Intervju - Sara Jirb\u00e4ck, Fagerhult - Gatubelysningsforum","og_description":"Vi fick chansen att st\u00e4lla 5 snabba fr\u00e5gor om LED- och belysningsmarknaden till Sara Jirb\u00e4ck p\u00e5 Fagerhult som st\u00e4ller ut p\u00e5 \u00e5rets Gatubelysningsforum. Kan du kortfattat f\u00f6rklara din roll, engagemang och erfarenhet inom gatubelysningsmarknaden? Min st\u00f6rsta drivkraft \u00e4r att skapa mer s\u00e4kra och trygga utemilj\u00f6er med belysning och ny teknik. Jag \u00e4r f\u00f6rs\u00e4ljningschef f\u00f6r utomhusbelysning [&hellip;]","og_url":"https:\/\/insightevents.se\/gatubelysningsforum\/2018\/06\/07\/utstallarintervju-sara-jirback-fagerhult\/","og_site_name":"Gatubelysningsforum","article_published_time":"2018-06-07T13:39:19+00:00","article_modified_time":"2022-08-08T12:17:01+00:00","og_image":[{"url":"https:\/\/insightevents.se\/gatubelysningsforum\/wp-content\/uploads\/sites\/4\/2018\/06\/sarajirback2.jpg","type":"","width":"","height":""}],"author":"Webmaster","twitter_card":"summary_large_image","twitter_misc":{"Skriven av":"Webmaster","Ber\u00e4knad l\u00e4stid":"3 minuter"},"schema":{"@context":"https:\/\/schema.org","@graph":[{"@type":"Article","@id":"https:\/\/insightevents.se\/gatubelysningsforum\/2018\/06\/07\/utstallarintervju-sara-jirback-fagerhult\/#article","isPartOf":{"@id":"https:\/\/insightevents.se\/gatubelysningsforum\/2018\/06\/07\/utstallarintervju-sara-jirback-fagerhult\/"},"author":{"name":"Webmaster","@id":"https:\/\/insightevents.se\/gatubelysningsforum\/#\/schema\/person\/b988a5292612382bfb32836eca66b90d"},"headline":"Intervju &#8211; Sara Jirb\u00e4ck, Fagerhult","datePublished":"2018-06-07T13:39:19+00:00","dateModified":"2022-08-08T12:17:01+00:00","mainEntityOfPage":{"@id":"https:\/\/insightevents.se\/gatubelysningsforum\/2018\/06\/07\/utstallarintervju-sara-jirback-fagerhult\/"},"wordCount":549,"image":{"@id":"https:\/\/insightevents.se\/gatubelysningsforum\/2018\/06\/07\/utstallarintervju-sara-jirback-fagerhult\/#primaryimage"},"thumbnailUrl":"https:\/\/insightevents.se\/gatubelysningsforum\/wp-content\/uploads\/sites\/4\/2018\/06\/sarajirback2.jpg","articleSection":["Uncategorized"],"inLanguage":"sv-SE"},{"@type":"WebPage","@id":"https:\/\/insightevents.se\/gatubelysningsforum\/2018\/06\/07\/utstallarintervju-sara-jirback-fagerhult\/","url":"https:\/\/insightevents.se\/gatubelysningsforum\/2018\/06\/07\/utstallarintervju-sara-jirback-fagerhult\/","name":"Intervju - Sara Jirb\u00e4ck, Fagerhult - Gatubelysningsforum","isPartOf":{"@id":"https:\/\/insightevents.se\/gatubelysningsforum\/#website"},"primaryImageOfPage":{"@id":"https:\/\/insightevents.se\/gatubelysningsforum\/2018\/06\/07\/utstallarintervju-sara-jirback-fagerhult\/#primaryimage"},"image":{"@id":"https:\/\/insightevents.se\/gatubelysningsforum\/2018\/06\/07\/utstallarintervju-sara-jirback-fagerhult\/#primaryimage"},"thumbnailUrl":"https:\/\/insightevents.se\/gatubelysningsforum\/wp-content\/uploads\/sites\/4\/2018\/06\/sarajirback2.jpg","datePublished":"2018-06-07T13:39:19+00:00","dateModified":"2022-08-08T12:17:01+00:00","author":{"@id":"https:\/\/insightevents.se\/gatubelysningsforum\/#\/schema\/person\/b988a5292612382bfb32836eca66b90d"},"breadcrumb":{"@id":"https:\/\/insightevents.se\/gatubelysningsforum\/2018\/06\/07\/utstallarintervju-sara-jirback-fagerhult\/#breadcrumb"},"inLanguage":"sv-SE","potentialAction":[{"@type":"ReadAction","target":["https:\/\/insightevents.se\/gatubelysningsforum\/2018\/06\/07\/utstallarintervju-sara-jirback-fagerhult\/"]}]},{"@type":"ImageObject","inLanguage":"sv-SE","@id":"https:\/\/insightevents.se\/gatubelysningsforum\/2018\/06\/07\/utstallarintervju-sara-jirback-fagerhult\/#primaryimage","url":"https:\/\/insightevents.se\/gatubelysningsforum\/wp-content\/uploads\/sites\/4\/2018\/06\/sarajirback2.jpg","contentUrl":"https:\/\/insightevents.se\/gatubelysningsforum\/wp-content\/uploads\/sites\/4\/2018\/06\/sarajirback2.jpg","width":1000,"height":350},{"@type":"BreadcrumbList","@id":"https:\/\/insightevents.se\/gatubelysningsforum\/2018\/06\/07\/utstallarintervju-sara-jirback-fagerhult\/#breadcrumb","itemListElement":[{"@type":"ListItem","position":1,"name":"Home","item":"https:\/\/insightevents.se\/gatubelysningsforum\/"},{"@type":"ListItem","position":2,"name":"Intervju &#8211; Sara Jirb\u00e4ck, Fagerhult"}]},{"@type":"WebSite","@id":"https:\/\/insightevents.se\/gatubelysningsforum\/#website","url":"https:\/\/insightevents.se\/gatubelysningsforum\/","name":"Gatubelysningsforum","description":"Konferens 8-9 september 2016","potentialAction":[{"@type":"SearchAction","target":{"@type":"EntryPoint","urlTemplate":"https:\/\/insightevents.se\/gatubelysningsforum\/?s={search_term_string}"},"query-input":{"@type":"PropertyValueSpecification","valueRequired":true,"valueName":"search_term_string"}}],"inLanguage":"sv-SE"},{"@type":"Person","@id":"https:\/\/insightevents.se\/gatubelysningsforum\/#\/schema\/person\/b988a5292612382bfb32836eca66b90d","name":"Webmaster","image":{"@type":"ImageObject","inLanguage":"sv-SE","@id":"https:\/\/secure.gravatar.com\/avatar\/1d4fe9198e176b59442a0d34bf3a2daa510b0ef5a486b5f2426c878139f72b99?s=96&d=mm&r=g","url":"https:\/\/secure.gravatar.com\/avatar\/1d4fe9198e176b59442a0d34bf3a2daa510b0ef5a486b5f2426c878139f72b99?s=96&d=mm&r=g","contentUrl":"https:\/\/secure.gravatar.com\/avatar\/1d4fe9198e176b59442a0d34bf3a2daa510b0ef5a486b5f2426c878139f72b99?s=96&d=mm&r=g","caption":"Webmaster"},"url":"https:\/\/insightevents.se\/gatubelysningsforum\/author\/webmaster\/"}]}},"_links":{"self":[{"href":"https:\/\/insightevents.se\/gatubelysningsforum\/wp-json\/wp\/v2\/posts\/436","targetHints":{"allow":["GET"]}}],"collection":[{"href":"https:\/\/insightevents.se\/gatubelysningsforum\/wp-json\/wp\/v2\/posts"}],"about":[{"href":"https:\/\/insightevents.se\/gatubelysningsforum\/wp-json\/wp\/v2\/types\/post"}],"author":[{"embeddable":true,"href":"https:\/\/insightevents.se\/gatubelysningsforum\/wp-json\/wp\/v2\/users\/1"}],"replies":[{"embeddable":true,"href":"https:\/\/insightevents.se\/gatubelysningsforum\/wp-json\/wp\/v2\/comments?post=436"}],"version-history":[{"count":2,"href":"https:\/\/insightevents.se\/gatubelysningsforum\/wp-json\/wp\/v2\/posts\/436\/revisions"}],"predecessor-version":[{"id":440,"href":"https:\/\/insightevents.se\/gatubelysningsforum\/wp-json\/wp\/v2\/posts\/436\/revisions\/440"}],"wp:attachment":[{"href":"https:\/\/insightevents.se\/gatubelysningsforum\/wp-json\/wp\/v2\/media?parent=436"}],"wp:term":[{"taxonomy":"category","embeddable":true,"href":"https:\/\/insightevents.se\/gatubelysningsforum\/wp-json\/wp\/v2\/categories?post=436"},{"taxonomy":"post_tag","embeddable":true,"href":"https:\/\/insightevents.se\/gatubelysningsforum\/wp-json\/wp\/v2\/tags?post=436"}],"curies":[{"name":"wp","href":"https:\/\/api.w.org\/{rel}","templated":true}]}}