{"id":447,"date":"2018-06-13T09:29:04","date_gmt":"2018-06-13T09:29:04","guid":{"rendered":"https:\/\/insightevents.se\/gatubelysningsforum\/?p=447"},"modified":"2022-08-08T12:17:01","modified_gmt":"2022-08-08T12:17:01","slug":"intervju-ove-andersson-motala-kommun","status":"publish","type":"post","link":"https:\/\/insightevents.se\/gatubelysningsforum\/2018\/06\/13\/intervju-ove-andersson-motala-kommun\/","title":{"rendered":"Intervju &#8211; Ove Andersson, Motala kommun"},"content":{"rendered":"<h3><img loading=\"lazy\" decoding=\"async\" class=\"size-thumbnail wp-image-390 alignleft\" src=\"https:\/\/insightevents.se\/gatubelysningsforum\/wp-content\/uploads\/sites\/4\/2016\/04\/talare_gatubel_201810-150x150.jpg\" alt=\"talare_gatubel_201810\" width=\"150\" height=\"150\" srcset=\"https:\/\/insightevents.se\/gatubelysningsforum\/wp-content\/uploads\/sites\/4\/2016\/04\/talare_gatubel_201810-150x150.jpg 150w, https:\/\/insightevents.se\/gatubelysningsforum\/wp-content\/uploads\/sites\/4\/2016\/04\/talare_gatubel_201810.jpg 200w\" sizes=\"auto, (max-width: 150px) 100vw, 150px\" \/>Ove Andersson arbetar som gatuingenj\u00f6r p\u00e5 Tekniska f\u00f6rvaltningen Gata &amp; Park i Motala kommun. Han \u00e4r aktuellt som talare p\u00e5 Gatubelysningsforum 2018 och vi fick m\u00f6jlighet att ta ett litet snack med honom inf\u00f6r eventet.<\/h3>\n<p><strong>Ove \u00e4r en man med starka \u00e5sikter och det tar inte l\u00e5ng tid in i samtalet innan vi kommer in p\u00e5 att de som arbetar med gatubelysning har mycket att l\u00e4ra sig av andra branscher.<br \/>\n<\/strong>&#8211; Det \u00e4r v\u00e4ldigt viktigt att med information kunna dokumentera och d\u00e4r \u00e4r det stor skillnad fr\u00e5n andra branscher. Ska man bygga ett hus s\u00e5 har man en ritning och relationshandlingar men om man har en belysningsanl\u00e4ggning s\u00e5 kanske inte dessa handlingar uppdateras ordentligt. Det \u00e4r ofta mindre kommuner som brottas med de h\u00e4r problemen. Men finns intresset d\u00e4r kan man i alla fall l\u00f6sa det med papper och penna, Excel eller p\u00e5 annat s\u00e4tt med sm\u00e5 medel.<\/p>\n<p><strong>F\u00f6r att i framtiden kunna utveckla gatubelysningsbranschen tror han att det \u00e4r v\u00e4ldigt viktigt att vi f\u00e5ngar upp den nya generationen och att vi gemensamt f\u00f6rs\u00f6ker g\u00f6ra arbetet med gatubelysning mer attraktivt.<br \/>\n<\/strong>&#8211; M\u00e5nga kan se arbetat med gatubelysning som lite ointressant och vill hellre arbeta med ljusdesign. De yngre personerna som kommer in i branschen har ofta h\u00f6gre krav och vi beh\u00f6ver arbeta f\u00f6r att \u00f6ka takten av digitalisering och olika typer av styrsystem f\u00f6r att v\u00e4cka intresset. Vi beh\u00f6ver f\u00e5 in ny kompetens och skulle man exempelvis st\u00e4lla h\u00f6gre kompetenskrav f\u00f6r att h\u00f6ja niv\u00e5n skulle det g\u00f6ra yrket mer attraktivt.<\/p>\n<p><strong>Motala kommun har gjort stora satsningar p\u00e5 gatubelysning och tipset Ove kan ge f\u00f6r att f\u00e5 igenom investeringar \u00e4r att vara v\u00e4ldigt tydlig med vad som beh\u00f6vs och vilka insatser kommunen beh\u00f6ver g\u00f6ra.<br \/>\n<\/strong>&#8211; Det finns inga genv\u00e4gar! Man m\u00e5ste v\u00e5ga tala om f\u00f6r politikerna vad som beh\u00f6vs. Det enda de ser \u00e4r ifall lampan lyser eller ej och det \u00e4r viktigt att visa n\u00e4r det beh\u00f6vs nya pengar Vi har \u00f6kat digitaliseringstakten och genom Gis har vi koll p\u00e5 BC, stolpar och kablar. Vi har \u00e4ven kommit i g\u00e5ng med AO hantering via Gis och p\u00e5 s\u00e5 s\u00e4tt h\u00e5ller vi v\u00e5rasystem uppdaterade. Vi testar olika typer av styrning p\u00e5 BC och armaturer med mycket sp\u00e4nnande och ov\u00e4ntade resultat. Hela biten med digitalisering och olika typer av styrningar har \u00f6kat intresset b\u00e5de hos mig och v\u00e5r entrepren\u00f6r som k\u00e4nner sig mer delaktig i arbetet. Tiden n\u00e4r vi lappade och lagade \u00e4r f\u00f6rbi och vi \u00e4r v\u00e4l rustade fram\u00f6ver tack vare de investeringar vi har f\u00e5tt igenom.<\/p>\n<p><strong>Att LED-tekniken har f\u00e5tt ett stort genomslag \u00e4r odiskutabelt men Ove lyfter \u00e4ven ett varningens finger f\u00f6r de nackdelar detta kan medf\u00f6ra.<br \/>\n<\/strong>&#8211; Det finns ett v\u00e4ldigt stort utbud av olika LED-armaturer men n\u00e4r m\u00e4ngden \u00f6kar s\u00e5 blir det ocks\u00e5 sv\u00e5rare att f\u00e5 tag p\u00e5 reservdelar. Armaturerna ska h\u00e5lla i 20 \u00e5r medan reservdelarna lagras i 10 \u00e5r. Det kan st\u00e4lla till problem. D\u00e5 ska man under tiden hitta n\u00e5got liknande att ers\u00e4tta med men ibland g\u00e5r det ju inte! Man kanske beh\u00f6ver byta p\u00e5 en hela gata f\u00f6r att f\u00e5 det enhetligt och det skapar ju s\u00e5klart extra arbete och kostnader. Detta \u00e4r n\u00e5got man beh\u00f6ver vara medveten om.<\/p>\n<p><strong>Ove passar ocks\u00e5 p\u00e5 att dela ut en lite k\u00e4nga till leverant\u00f6rerna, som han tycker kan bli b\u00e4ttre p\u00e5 att informera hur produkterna fungerar i ett l\u00e4ngre perspektiv.<br \/>\n<\/strong>&#8211; Hur fels\u00f6ker man och i vilken \u00e4nde b\u00f6rjar man? Det borde finnas motsvarande diagnostik i armaturer som i andra elektronikprodukter. De st\u00f6rre st\u00e4derna har inga problem att anst\u00e4lla personal med mer elektronik kunskaper f\u00f6r att fels\u00f6ka men de mindre kommunerna har inte de resurserna. Ist\u00e4llet f\u00f6r att fels\u00f6ka och laga kanske man helt enkelt byter ut en armatur vilket kan bli kostsamt och h\u00e4r beh\u00f6ver leverant\u00f6rerna bli b\u00e4ttre p\u00e5 att kommunicera hur grejerna funkar och vad man kan g\u00f6ra med dem!<\/p>\n<p><strong>Enligt Ove \u00e4r v\u00e4gen fram\u00e5t att informera om vikten av arbetet med gatubelysning och han hoppas p\u00e5 att dokumentationen kommer sk\u00f6tas automatiskt n\u00e4r digitaliseringen har slagit igenom med full kraft.<br \/>\n<\/strong>&#8211; Vi alla som arbetar med gatubelysning m\u00e5ste tala om hur viktigt det \u00e4r och vad vi beh\u00f6ver f\u00f6r resurser f\u00f6r att f\u00e5 det att fungera. Om en person felanm\u00e4ler direkt i ett GIS program s\u00e5 kommer vi att kunna f\u00e5 arbetsorders genom en app d\u00e4r vi tar emot och kvitterar. D\u00e5 kommer dokumentation, datum och allt s\u00e5nt per automatik. Har du r\u00e4tt information om grejerna s\u00e5 kommer det alltid att bli billigare i slut\u00e4ndan!<\/p>\n","protected":false},"excerpt":{"rendered":"<p>Ove Andersson arbetar som gatuingenj\u00f6r p\u00e5 Tekniska f\u00f6rvaltningen Gata &amp; Park i Motala kommun. Han \u00e4r aktuellt som talare p\u00e5 Gatubelysningsforum 2018 och vi fick m\u00f6jlighet att ta ett litet snack med honom inf\u00f6r eventet. Ove \u00e4r en man med starka \u00e5sikter och det tar inte l\u00e5ng tid in i samtalet innan vi kommer in [&hellip;]<\/p>\n","protected":false},"author":1,"featured_media":0,"comment_status":"closed","ping_status":"open","sticky":false,"template":"","format":"standard","meta":{"_acf_changed":false,"footnotes":""},"categories":[1],"tags":[],"class_list":["post-447","post","type-post","status-publish","format-standard","hentry","category-uncategorized"],"acf":[],"yoast_head":"<!-- This site is optimized with the Yoast SEO plugin v27.3 - https:\/\/yoast.com\/product\/yoast-seo-wordpress\/ -->\n<title>Intervju - Ove Andersson, Motala kommun - Gatubelysningsforum<\/title>\n<meta name=\"robots\" content=\"index, follow, max-snippet:-1, max-image-preview:large, max-video-preview:-1\" \/>\n<link rel=\"canonical\" href=\"https:\/\/insightevents.se\/gatubelysningsforum\/2018\/06\/13\/intervju-ove-andersson-motala-kommun\/\" \/>\n<meta property=\"og:locale\" content=\"sv_SE\" \/>\n<meta property=\"og:type\" content=\"article\" \/>\n<meta property=\"og:title\" content=\"Intervju - Ove Andersson, Motala kommun - Gatubelysningsforum\" \/>\n<meta property=\"og:description\" content=\"Ove Andersson arbetar som gatuingenj\u00f6r p\u00e5 Tekniska f\u00f6rvaltningen Gata &amp; Park i Motala kommun. Han \u00e4r aktuellt som talare p\u00e5 Gatubelysningsforum 2018 och vi fick m\u00f6jlighet att ta ett litet snack med honom inf\u00f6r eventet. Ove \u00e4r en man med starka \u00e5sikter och det tar inte l\u00e5ng tid in i samtalet innan vi kommer in [&hellip;]\" \/>\n<meta property=\"og:url\" content=\"https:\/\/insightevents.se\/gatubelysningsforum\/2018\/06\/13\/intervju-ove-andersson-motala-kommun\/\" \/>\n<meta property=\"og:site_name\" content=\"Gatubelysningsforum\" \/>\n<meta property=\"article:published_time\" content=\"2018-06-13T09:29:04+00:00\" \/>\n<meta property=\"article:modified_time\" content=\"2022-08-08T12:17:01+00:00\" \/>\n<meta property=\"og:image\" content=\"https:\/\/insightevents.se\/gatubelysningsforum\/wp-content\/uploads\/sites\/4\/2016\/04\/talare_gatubel_201810-150x150.jpg\" \/>\n<meta name=\"author\" content=\"Webmaster\" \/>\n<meta name=\"twitter:card\" content=\"summary_large_image\" \/>\n<meta name=\"twitter:label1\" content=\"Skriven av\" \/>\n\t<meta name=\"twitter:data1\" content=\"Webmaster\" \/>\n\t<meta name=\"twitter:label2\" content=\"Ber\u00e4knad l\u00e4stid\" \/>\n\t<meta name=\"twitter:data2\" content=\"4 minuter\" \/>\n<script type=\"application\/ld+json\" class=\"yoast-schema-graph\">{\"@context\":\"https:\\\/\\\/schema.org\",\"@graph\":[{\"@type\":\"Article\",\"@id\":\"https:\\\/\\\/insightevents.se\\\/gatubelysningsforum\\\/2018\\\/06\\\/13\\\/intervju-ove-andersson-motala-kommun\\\/#article\",\"isPartOf\":{\"@id\":\"https:\\\/\\\/insightevents.se\\\/gatubelysningsforum\\\/2018\\\/06\\\/13\\\/intervju-ove-andersson-motala-kommun\\\/\"},\"author\":{\"name\":\"Webmaster\",\"@id\":\"https:\\\/\\\/insightevents.se\\\/gatubelysningsforum\\\/#\\\/schema\\\/person\\\/b988a5292612382bfb32836eca66b90d\"},\"headline\":\"Intervju &#8211; Ove Andersson, Motala kommun\",\"datePublished\":\"2018-06-13T09:29:04+00:00\",\"dateModified\":\"2022-08-08T12:17:01+00:00\",\"mainEntityOfPage\":{\"@id\":\"https:\\\/\\\/insightevents.se\\\/gatubelysningsforum\\\/2018\\\/06\\\/13\\\/intervju-ove-andersson-motala-kommun\\\/\"},\"wordCount\":853,\"image\":{\"@id\":\"https:\\\/\\\/insightevents.se\\\/gatubelysningsforum\\\/2018\\\/06\\\/13\\\/intervju-ove-andersson-motala-kommun\\\/#primaryimage\"},\"thumbnailUrl\":\"https:\\\/\\\/insightevents.se\\\/gatubelysningsforum\\\/wp-content\\\/uploads\\\/sites\\\/4\\\/2016\\\/04\\\/talare_gatubel_201810-150x150.jpg\",\"articleSection\":[\"Uncategorized\"],\"inLanguage\":\"sv-SE\"},{\"@type\":\"WebPage\",\"@id\":\"https:\\\/\\\/insightevents.se\\\/gatubelysningsforum\\\/2018\\\/06\\\/13\\\/intervju-ove-andersson-motala-kommun\\\/\",\"url\":\"https:\\\/\\\/insightevents.se\\\/gatubelysningsforum\\\/2018\\\/06\\\/13\\\/intervju-ove-andersson-motala-kommun\\\/\",\"name\":\"Intervju - Ove Andersson, Motala kommun - Gatubelysningsforum\",\"isPartOf\":{\"@id\":\"https:\\\/\\\/insightevents.se\\\/gatubelysningsforum\\\/#website\"},\"primaryImageOfPage\":{\"@id\":\"https:\\\/\\\/insightevents.se\\\/gatubelysningsforum\\\/2018\\\/06\\\/13\\\/intervju-ove-andersson-motala-kommun\\\/#primaryimage\"},\"image\":{\"@id\":\"https:\\\/\\\/insightevents.se\\\/gatubelysningsforum\\\/2018\\\/06\\\/13\\\/intervju-ove-andersson-motala-kommun\\\/#primaryimage\"},\"thumbnailUrl\":\"https:\\\/\\\/insightevents.se\\\/gatubelysningsforum\\\/wp-content\\\/uploads\\\/sites\\\/4\\\/2016\\\/04\\\/talare_gatubel_201810-150x150.jpg\",\"datePublished\":\"2018-06-13T09:29:04+00:00\",\"dateModified\":\"2022-08-08T12:17:01+00:00\",\"author\":{\"@id\":\"https:\\\/\\\/insightevents.se\\\/gatubelysningsforum\\\/#\\\/schema\\\/person\\\/b988a5292612382bfb32836eca66b90d\"},\"breadcrumb\":{\"@id\":\"https:\\\/\\\/insightevents.se\\\/gatubelysningsforum\\\/2018\\\/06\\\/13\\\/intervju-ove-andersson-motala-kommun\\\/#breadcrumb\"},\"inLanguage\":\"sv-SE\",\"potentialAction\":[{\"@type\":\"ReadAction\",\"target\":[\"https:\\\/\\\/insightevents.se\\\/gatubelysningsforum\\\/2018\\\/06\\\/13\\\/intervju-ove-andersson-motala-kommun\\\/\"]}]},{\"@type\":\"ImageObject\",\"inLanguage\":\"sv-SE\",\"@id\":\"https:\\\/\\\/insightevents.se\\\/gatubelysningsforum\\\/2018\\\/06\\\/13\\\/intervju-ove-andersson-motala-kommun\\\/#primaryimage\",\"url\":\"https:\\\/\\\/insightevents.se\\\/gatubelysningsforum\\\/wp-content\\\/uploads\\\/sites\\\/4\\\/2016\\\/04\\\/talare_gatubel_201810.jpg\",\"contentUrl\":\"https:\\\/\\\/insightevents.se\\\/gatubelysningsforum\\\/wp-content\\\/uploads\\\/sites\\\/4\\\/2016\\\/04\\\/talare_gatubel_201810.jpg\",\"width\":200,\"height\":200},{\"@type\":\"BreadcrumbList\",\"@id\":\"https:\\\/\\\/insightevents.se\\\/gatubelysningsforum\\\/2018\\\/06\\\/13\\\/intervju-ove-andersson-motala-kommun\\\/#breadcrumb\",\"itemListElement\":[{\"@type\":\"ListItem\",\"position\":1,\"name\":\"Home\",\"item\":\"https:\\\/\\\/insightevents.se\\\/gatubelysningsforum\\\/\"},{\"@type\":\"ListItem\",\"position\":2,\"name\":\"Intervju &#8211; Ove Andersson, Motala kommun\"}]},{\"@type\":\"WebSite\",\"@id\":\"https:\\\/\\\/insightevents.se\\\/gatubelysningsforum\\\/#website\",\"url\":\"https:\\\/\\\/insightevents.se\\\/gatubelysningsforum\\\/\",\"name\":\"Gatubelysningsforum\",\"description\":\"Konferens 8-9 september 2016\",\"potentialAction\":[{\"@type\":\"SearchAction\",\"target\":{\"@type\":\"EntryPoint\",\"urlTemplate\":\"https:\\\/\\\/insightevents.se\\\/gatubelysningsforum\\\/?s={search_term_string}\"},\"query-input\":{\"@type\":\"PropertyValueSpecification\",\"valueRequired\":true,\"valueName\":\"search_term_string\"}}],\"inLanguage\":\"sv-SE\"},{\"@type\":\"Person\",\"@id\":\"https:\\\/\\\/insightevents.se\\\/gatubelysningsforum\\\/#\\\/schema\\\/person\\\/b988a5292612382bfb32836eca66b90d\",\"name\":\"Webmaster\",\"image\":{\"@type\":\"ImageObject\",\"inLanguage\":\"sv-SE\",\"@id\":\"https:\\\/\\\/secure.gravatar.com\\\/avatar\\\/1d4fe9198e176b59442a0d34bf3a2daa510b0ef5a486b5f2426c878139f72b99?s=96&d=mm&r=g\",\"url\":\"https:\\\/\\\/secure.gravatar.com\\\/avatar\\\/1d4fe9198e176b59442a0d34bf3a2daa510b0ef5a486b5f2426c878139f72b99?s=96&d=mm&r=g\",\"contentUrl\":\"https:\\\/\\\/secure.gravatar.com\\\/avatar\\\/1d4fe9198e176b59442a0d34bf3a2daa510b0ef5a486b5f2426c878139f72b99?s=96&d=mm&r=g\",\"caption\":\"Webmaster\"},\"url\":\"https:\\\/\\\/insightevents.se\\\/gatubelysningsforum\\\/author\\\/webmaster\\\/\"}]}<\/script>\n<!-- \/ Yoast SEO plugin. -->","yoast_head_json":{"title":"Intervju - Ove Andersson, Motala kommun - Gatubelysningsforum","robots":{"index":"index","follow":"follow","max-snippet":"max-snippet:-1","max-image-preview":"max-image-preview:large","max-video-preview":"max-video-preview:-1"},"canonical":"https:\/\/insightevents.se\/gatubelysningsforum\/2018\/06\/13\/intervju-ove-andersson-motala-kommun\/","og_locale":"sv_SE","og_type":"article","og_title":"Intervju - Ove Andersson, Motala kommun - Gatubelysningsforum","og_description":"Ove Andersson arbetar som gatuingenj\u00f6r p\u00e5 Tekniska f\u00f6rvaltningen Gata &amp; Park i Motala kommun. Han \u00e4r aktuellt som talare p\u00e5 Gatubelysningsforum 2018 och vi fick m\u00f6jlighet att ta ett litet snack med honom inf\u00f6r eventet. Ove \u00e4r en man med starka \u00e5sikter och det tar inte l\u00e5ng tid in i samtalet innan vi kommer in [&hellip;]","og_url":"https:\/\/insightevents.se\/gatubelysningsforum\/2018\/06\/13\/intervju-ove-andersson-motala-kommun\/","og_site_name":"Gatubelysningsforum","article_published_time":"2018-06-13T09:29:04+00:00","article_modified_time":"2022-08-08T12:17:01+00:00","og_image":[{"url":"https:\/\/insightevents.se\/gatubelysningsforum\/wp-content\/uploads\/sites\/4\/2016\/04\/talare_gatubel_201810-150x150.jpg","type":"","width":"","height":""}],"author":"Webmaster","twitter_card":"summary_large_image","twitter_misc":{"Skriven av":"Webmaster","Ber\u00e4knad l\u00e4stid":"4 minuter"},"schema":{"@context":"https:\/\/schema.org","@graph":[{"@type":"Article","@id":"https:\/\/insightevents.se\/gatubelysningsforum\/2018\/06\/13\/intervju-ove-andersson-motala-kommun\/#article","isPartOf":{"@id":"https:\/\/insightevents.se\/gatubelysningsforum\/2018\/06\/13\/intervju-ove-andersson-motala-kommun\/"},"author":{"name":"Webmaster","@id":"https:\/\/insightevents.se\/gatubelysningsforum\/#\/schema\/person\/b988a5292612382bfb32836eca66b90d"},"headline":"Intervju &#8211; Ove Andersson, Motala kommun","datePublished":"2018-06-13T09:29:04+00:00","dateModified":"2022-08-08T12:17:01+00:00","mainEntityOfPage":{"@id":"https:\/\/insightevents.se\/gatubelysningsforum\/2018\/06\/13\/intervju-ove-andersson-motala-kommun\/"},"wordCount":853,"image":{"@id":"https:\/\/insightevents.se\/gatubelysningsforum\/2018\/06\/13\/intervju-ove-andersson-motala-kommun\/#primaryimage"},"thumbnailUrl":"https:\/\/insightevents.se\/gatubelysningsforum\/wp-content\/uploads\/sites\/4\/2016\/04\/talare_gatubel_201810-150x150.jpg","articleSection":["Uncategorized"],"inLanguage":"sv-SE"},{"@type":"WebPage","@id":"https:\/\/insightevents.se\/gatubelysningsforum\/2018\/06\/13\/intervju-ove-andersson-motala-kommun\/","url":"https:\/\/insightevents.se\/gatubelysningsforum\/2018\/06\/13\/intervju-ove-andersson-motala-kommun\/","name":"Intervju - Ove Andersson, Motala kommun - Gatubelysningsforum","isPartOf":{"@id":"https:\/\/insightevents.se\/gatubelysningsforum\/#website"},"primaryImageOfPage":{"@id":"https:\/\/insightevents.se\/gatubelysningsforum\/2018\/06\/13\/intervju-ove-andersson-motala-kommun\/#primaryimage"},"image":{"@id":"https:\/\/insightevents.se\/gatubelysningsforum\/2018\/06\/13\/intervju-ove-andersson-motala-kommun\/#primaryimage"},"thumbnailUrl":"https:\/\/insightevents.se\/gatubelysningsforum\/wp-content\/uploads\/sites\/4\/2016\/04\/talare_gatubel_201810-150x150.jpg","datePublished":"2018-06-13T09:29:04+00:00","dateModified":"2022-08-08T12:17:01+00:00","author":{"@id":"https:\/\/insightevents.se\/gatubelysningsforum\/#\/schema\/person\/b988a5292612382bfb32836eca66b90d"},"breadcrumb":{"@id":"https:\/\/insightevents.se\/gatubelysningsforum\/2018\/06\/13\/intervju-ove-andersson-motala-kommun\/#breadcrumb"},"inLanguage":"sv-SE","potentialAction":[{"@type":"ReadAction","target":["https:\/\/insightevents.se\/gatubelysningsforum\/2018\/06\/13\/intervju-ove-andersson-motala-kommun\/"]}]},{"@type":"ImageObject","inLanguage":"sv-SE","@id":"https:\/\/insightevents.se\/gatubelysningsforum\/2018\/06\/13\/intervju-ove-andersson-motala-kommun\/#primaryimage","url":"https:\/\/insightevents.se\/gatubelysningsforum\/wp-content\/uploads\/sites\/4\/2016\/04\/talare_gatubel_201810.jpg","contentUrl":"https:\/\/insightevents.se\/gatubelysningsforum\/wp-content\/uploads\/sites\/4\/2016\/04\/talare_gatubel_201810.jpg","width":200,"height":200},{"@type":"BreadcrumbList","@id":"https:\/\/insightevents.se\/gatubelysningsforum\/2018\/06\/13\/intervju-ove-andersson-motala-kommun\/#breadcrumb","itemListElement":[{"@type":"ListItem","position":1,"name":"Home","item":"https:\/\/insightevents.se\/gatubelysningsforum\/"},{"@type":"ListItem","position":2,"name":"Intervju &#8211; Ove Andersson, Motala kommun"}]},{"@type":"WebSite","@id":"https:\/\/insightevents.se\/gatubelysningsforum\/#website","url":"https:\/\/insightevents.se\/gatubelysningsforum\/","name":"Gatubelysningsforum","description":"Konferens 8-9 september 2016","potentialAction":[{"@type":"SearchAction","target":{"@type":"EntryPoint","urlTemplate":"https:\/\/insightevents.se\/gatubelysningsforum\/?s={search_term_string}"},"query-input":{"@type":"PropertyValueSpecification","valueRequired":true,"valueName":"search_term_string"}}],"inLanguage":"sv-SE"},{"@type":"Person","@id":"https:\/\/insightevents.se\/gatubelysningsforum\/#\/schema\/person\/b988a5292612382bfb32836eca66b90d","name":"Webmaster","image":{"@type":"ImageObject","inLanguage":"sv-SE","@id":"https:\/\/secure.gravatar.com\/avatar\/1d4fe9198e176b59442a0d34bf3a2daa510b0ef5a486b5f2426c878139f72b99?s=96&d=mm&r=g","url":"https:\/\/secure.gravatar.com\/avatar\/1d4fe9198e176b59442a0d34bf3a2daa510b0ef5a486b5f2426c878139f72b99?s=96&d=mm&r=g","contentUrl":"https:\/\/secure.gravatar.com\/avatar\/1d4fe9198e176b59442a0d34bf3a2daa510b0ef5a486b5f2426c878139f72b99?s=96&d=mm&r=g","caption":"Webmaster"},"url":"https:\/\/insightevents.se\/gatubelysningsforum\/author\/webmaster\/"}]}},"_links":{"self":[{"href":"https:\/\/insightevents.se\/gatubelysningsforum\/wp-json\/wp\/v2\/posts\/447","targetHints":{"allow":["GET"]}}],"collection":[{"href":"https:\/\/insightevents.se\/gatubelysningsforum\/wp-json\/wp\/v2\/posts"}],"about":[{"href":"https:\/\/insightevents.se\/gatubelysningsforum\/wp-json\/wp\/v2\/types\/post"}],"author":[{"embeddable":true,"href":"https:\/\/insightevents.se\/gatubelysningsforum\/wp-json\/wp\/v2\/users\/1"}],"replies":[{"embeddable":true,"href":"https:\/\/insightevents.se\/gatubelysningsforum\/wp-json\/wp\/v2\/comments?post=447"}],"version-history":[{"count":2,"href":"https:\/\/insightevents.se\/gatubelysningsforum\/wp-json\/wp\/v2\/posts\/447\/revisions"}],"predecessor-version":[{"id":449,"href":"https:\/\/insightevents.se\/gatubelysningsforum\/wp-json\/wp\/v2\/posts\/447\/revisions\/449"}],"wp:attachment":[{"href":"https:\/\/insightevents.se\/gatubelysningsforum\/wp-json\/wp\/v2\/media?parent=447"}],"wp:term":[{"taxonomy":"category","embeddable":true,"href":"https:\/\/insightevents.se\/gatubelysningsforum\/wp-json\/wp\/v2\/categories?post=447"},{"taxonomy":"post_tag","embeddable":true,"href":"https:\/\/insightevents.se\/gatubelysningsforum\/wp-json\/wp\/v2\/tags?post=447"}],"curies":[{"name":"wp","href":"https:\/\/api.w.org\/{rel}","templated":true}]}}