{"id":5435,"date":"2026-02-17T13:32:48","date_gmt":"2026-02-17T13:32:48","guid":{"rendered":"https:\/\/insightevents.se\/gatubelysningsforum\/?p=5435"},"modified":"2026-02-19T10:33:15","modified_gmt":"2026-02-19T10:33:15","slug":"call-for-speakers-gatubelysningsforum-2026","status":"publish","type":"post","link":"https:\/\/insightevents.se\/gatubelysningsforum\/2026\/02\/17\/call-for-speakers-gatubelysningsforum-2026\/","title":{"rendered":"Call for Speakers \u2013 Gatubelysningsforum 2026"},"content":{"rendered":"<p style=\"text-align: left;\">Vill du vara med och forma framtidens utomhusbelysning?<img loading=\"lazy\" decoding=\"async\" class=\" wp-image-5419 alignright\" src=\"https:\/\/insightevents.se\/gatubelysningsforum\/wp-content\/uploads\/sites\/4\/2026\/02\/bilder-hemsida5.png\" alt=\"\" width=\"397\" height=\"355\" srcset=\"https:\/\/insightevents.se\/gatubelysningsforum\/wp-content\/uploads\/sites\/4\/2026\/02\/bilder-hemsida5.png 924w, https:\/\/insightevents.se\/gatubelysningsforum\/wp-content\/uploads\/sites\/4\/2026\/02\/bilder-hemsida5-768x687.png 768w, https:\/\/insightevents.se\/gatubelysningsforum\/wp-content\/uploads\/sites\/4\/2026\/02\/bilder-hemsida5-804x720.png 804w\" sizes=\"auto, (max-width: 397px) 100vw, 397px\" \/><br \/>\nNu s\u00f6ker vi talare till Gatubelysningsforum 2026 \u2013 den naturliga m\u00f6tesplatsen f\u00f6r kunskapsutbyte, innovation och samverkan inom offentlig belysning.<\/p>\n<p>Konferensen samlar experter, kommunrepresentanter, teknikkonsulter, leverant\u00f6rer, forskare och beslutsfattare f\u00f6r att diskutera de viktigaste fr\u00e5gorna som p\u00e5verkar planering, drift och utveckling av modern gatubelysning. Vi s\u00f6ker inspirerande presentationer som kombinerar praktiska erfarenheter med strategiska perspektiv och teknisk f\u00f6rdjupning.<\/p>\n<p><strong>Vi v\u00e4lkomnar bidrag inom exempelvis:<\/strong><\/p>\n<ul>\n<li>Praktikfall fr\u00e5n kommunala projekt<\/li>\n<li>Energieffektivisering och h\u00e5llbara belysningsl\u00f6sningar<\/li>\n<li>Smart belysning och uppkopplad infrastruktur<\/li>\n<li>Drift, underh\u00e5ll och livscykelhantering<\/li>\n<li>Standarder, regelverk och upphandling<\/li>\n<li>Trygghet, s\u00e4kerhet och stadsplanering<\/li>\n<li>Ljusdesign och gestaltning i offentliga milj\u00f6er<\/li>\n<li>Innovation, forskning och nya teknologier<\/li>\n<\/ul>\n<p><strong>Varf\u00f6r tala p\u00e5 Gatubelysningsforum?<\/strong><\/p>\n<ul>\n<li>Dela kunskap och Best Practice med branschkollegor<\/li>\n<li>Positionera din organisation som en ledande akt\u00f6r<\/li>\n<li>Skapa nya samarbeten och n\u00e4tverk<\/li>\n<li>Bidra till utvecklingen av framtidens h\u00e5llbara st\u00e4der<\/li>\n<\/ul>\n<p><strong>Praktisk information<\/strong><\/p>\n<ul>\n<li>15-16 september p\u00e5 M\u00fcnchenbryggeriet i Stockholm<\/li>\n<li>Presentationstid: ca 20\u201340 minuter (inkl. fr\u00e5gor)<\/li>\n<li>Spr\u00e5k: Svenska eller engelska<\/li>\n<li>M\u00e5lgrupp: Kommuner, energibolag, konsulter, leverant\u00f6rer och myndigheter<\/li>\n<\/ul>\n<p>Skicka in ditt talarf\u00f6rslag med rubrik, kort sammanfattning samt talarens namn, roll och organisation.<\/p>\n<p><strong>Sista datum f\u00f6r att skicka in ditt f\u00f6rslag:<\/strong> 2026-03-06<\/p>\n<p><a href=\"https:\/\/insightevents.se\/gatubelysningsforum\/call-for-speakers\/\">Skicka in dina f\u00f6rslag h\u00e4r!<\/a><\/p>\n","protected":false},"excerpt":{"rendered":"<p>Vill du vara med och forma framtidens utomhusbelysning? Nu s\u00f6ker vi talare till Gatubelysningsforum 2026 \u2013 den naturliga m\u00f6tesplatsen f\u00f6r kunskapsutbyte, innovation och samverkan inom offentlig belysning. Konferensen samlar experter, kommunrepresentanter, teknikkonsulter, leverant\u00f6rer, forskare och beslutsfattare f\u00f6r att diskutera de viktigaste fr\u00e5gorna som p\u00e5verkar planering, drift och utveckling av modern gatubelysning. Vi s\u00f6ker inspirerande presentationer [&hellip;]<\/p>\n","protected":false},"author":1,"featured_media":5343,"comment_status":"closed","ping_status":"open","sticky":false,"template":"","format":"standard","meta":{"_acf_changed":false,"footnotes":""},"categories":[4],"tags":[],"class_list":["post-5435","post","type-post","status-publish","format-standard","has-post-thumbnail","hentry","category-nyhet"],"acf":[],"yoast_head":"<!-- This site is optimized with the Yoast SEO plugin v27.3 - https:\/\/yoast.com\/product\/yoast-seo-wordpress\/ -->\n<title>Call for Speakers \u2013 Gatubelysningsforum 2026 - Gatubelysningsforum<\/title>\n<meta name=\"robots\" content=\"index, follow, max-snippet:-1, max-image-preview:large, max-video-preview:-1\" \/>\n<link rel=\"canonical\" href=\"https:\/\/insightevents.se\/gatubelysningsforum\/2026\/02\/17\/call-for-speakers-gatubelysningsforum-2026\/\" \/>\n<meta property=\"og:locale\" content=\"sv_SE\" \/>\n<meta property=\"og:type\" content=\"article\" \/>\n<meta property=\"og:title\" content=\"Call for Speakers \u2013 Gatubelysningsforum 2026 - Gatubelysningsforum\" \/>\n<meta property=\"og:description\" content=\"Vill du vara med och forma framtidens utomhusbelysning? Nu s\u00f6ker vi talare till Gatubelysningsforum 2026 \u2013 den naturliga m\u00f6tesplatsen f\u00f6r kunskapsutbyte, innovation och samverkan inom offentlig belysning. Konferensen samlar experter, kommunrepresentanter, teknikkonsulter, leverant\u00f6rer, forskare och beslutsfattare f\u00f6r att diskutera de viktigaste fr\u00e5gorna som p\u00e5verkar planering, drift och utveckling av modern gatubelysning. Vi s\u00f6ker inspirerande presentationer [&hellip;]\" \/>\n<meta property=\"og:url\" content=\"https:\/\/insightevents.se\/gatubelysningsforum\/2026\/02\/17\/call-for-speakers-gatubelysningsforum-2026\/\" \/>\n<meta property=\"og:site_name\" content=\"Gatubelysningsforum\" \/>\n<meta property=\"article:published_time\" content=\"2026-02-17T13:32:48+00:00\" \/>\n<meta property=\"article:modified_time\" content=\"2026-02-19T10:33:15+00:00\" \/>\n<meta property=\"og:image\" content=\"https:\/\/insightevents.se\/gatubelysningsforum\/wp-content\/uploads\/sites\/4\/2025\/10\/DSC_0080-e1771335074872.png\" \/>\n\t<meta property=\"og:image:width\" content=\"400\" \/>\n\t<meta property=\"og:image:height\" content=\"400\" \/>\n\t<meta property=\"og:image:type\" content=\"image\/png\" \/>\n<meta name=\"author\" content=\"Webmaster\" \/>\n<meta name=\"twitter:card\" content=\"summary_large_image\" \/>\n<meta name=\"twitter:label1\" content=\"Skriven av\" \/>\n\t<meta name=\"twitter:data1\" content=\"Webmaster\" \/>\n\t<meta name=\"twitter:label2\" content=\"Ber\u00e4knad l\u00e4stid\" \/>\n\t<meta name=\"twitter:data2\" content=\"2 minuter\" \/>\n<script type=\"application\/ld+json\" class=\"yoast-schema-graph\">{\"@context\":\"https:\\\/\\\/schema.org\",\"@graph\":[{\"@type\":\"Article\",\"@id\":\"https:\\\/\\\/insightevents.se\\\/gatubelysningsforum\\\/2026\\\/02\\\/17\\\/call-for-speakers-gatubelysningsforum-2026\\\/#article\",\"isPartOf\":{\"@id\":\"https:\\\/\\\/insightevents.se\\\/gatubelysningsforum\\\/2026\\\/02\\\/17\\\/call-for-speakers-gatubelysningsforum-2026\\\/\"},\"author\":{\"name\":\"Webmaster\",\"@id\":\"https:\\\/\\\/insightevents.se\\\/gatubelysningsforum\\\/#\\\/schema\\\/person\\\/b988a5292612382bfb32836eca66b90d\"},\"headline\":\"Call for Speakers \u2013 Gatubelysningsforum 2026\",\"datePublished\":\"2026-02-17T13:32:48+00:00\",\"dateModified\":\"2026-02-19T10:33:15+00:00\",\"mainEntityOfPage\":{\"@id\":\"https:\\\/\\\/insightevents.se\\\/gatubelysningsforum\\\/2026\\\/02\\\/17\\\/call-for-speakers-gatubelysningsforum-2026\\\/\"},\"wordCount\":222,\"image\":{\"@id\":\"https:\\\/\\\/insightevents.se\\\/gatubelysningsforum\\\/2026\\\/02\\\/17\\\/call-for-speakers-gatubelysningsforum-2026\\\/#primaryimage\"},\"thumbnailUrl\":\"https:\\\/\\\/insightevents.se\\\/gatubelysningsforum\\\/wp-content\\\/uploads\\\/sites\\\/4\\\/2025\\\/10\\\/DSC_0080-e1771335074872.png\",\"articleSection\":[\"Nyhet\"],\"inLanguage\":\"sv-SE\"},{\"@type\":\"WebPage\",\"@id\":\"https:\\\/\\\/insightevents.se\\\/gatubelysningsforum\\\/2026\\\/02\\\/17\\\/call-for-speakers-gatubelysningsforum-2026\\\/\",\"url\":\"https:\\\/\\\/insightevents.se\\\/gatubelysningsforum\\\/2026\\\/02\\\/17\\\/call-for-speakers-gatubelysningsforum-2026\\\/\",\"name\":\"Call for Speakers \u2013 Gatubelysningsforum 2026 - Gatubelysningsforum\",\"isPartOf\":{\"@id\":\"https:\\\/\\\/insightevents.se\\\/gatubelysningsforum\\\/#website\"},\"primaryImageOfPage\":{\"@id\":\"https:\\\/\\\/insightevents.se\\\/gatubelysningsforum\\\/2026\\\/02\\\/17\\\/call-for-speakers-gatubelysningsforum-2026\\\/#primaryimage\"},\"image\":{\"@id\":\"https:\\\/\\\/insightevents.se\\\/gatubelysningsforum\\\/2026\\\/02\\\/17\\\/call-for-speakers-gatubelysningsforum-2026\\\/#primaryimage\"},\"thumbnailUrl\":\"https:\\\/\\\/insightevents.se\\\/gatubelysningsforum\\\/wp-content\\\/uploads\\\/sites\\\/4\\\/2025\\\/10\\\/DSC_0080-e1771335074872.png\",\"datePublished\":\"2026-02-17T13:32:48+00:00\",\"dateModified\":\"2026-02-19T10:33:15+00:00\",\"author\":{\"@id\":\"https:\\\/\\\/insightevents.se\\\/gatubelysningsforum\\\/#\\\/schema\\\/person\\\/b988a5292612382bfb32836eca66b90d\"},\"breadcrumb\":{\"@id\":\"https:\\\/\\\/insightevents.se\\\/gatubelysningsforum\\\/2026\\\/02\\\/17\\\/call-for-speakers-gatubelysningsforum-2026\\\/#breadcrumb\"},\"inLanguage\":\"sv-SE\",\"potentialAction\":[{\"@type\":\"ReadAction\",\"target\":[\"https:\\\/\\\/insightevents.se\\\/gatubelysningsforum\\\/2026\\\/02\\\/17\\\/call-for-speakers-gatubelysningsforum-2026\\\/\"]}]},{\"@type\":\"ImageObject\",\"inLanguage\":\"sv-SE\",\"@id\":\"https:\\\/\\\/insightevents.se\\\/gatubelysningsforum\\\/2026\\\/02\\\/17\\\/call-for-speakers-gatubelysningsforum-2026\\\/#primaryimage\",\"url\":\"https:\\\/\\\/insightevents.se\\\/gatubelysningsforum\\\/wp-content\\\/uploads\\\/sites\\\/4\\\/2025\\\/10\\\/DSC_0080-e1771335074872.png\",\"contentUrl\":\"https:\\\/\\\/insightevents.se\\\/gatubelysningsforum\\\/wp-content\\\/uploads\\\/sites\\\/4\\\/2025\\\/10\\\/DSC_0080-e1771335074872.png\",\"width\":400,\"height\":400},{\"@type\":\"BreadcrumbList\",\"@id\":\"https:\\\/\\\/insightevents.se\\\/gatubelysningsforum\\\/2026\\\/02\\\/17\\\/call-for-speakers-gatubelysningsforum-2026\\\/#breadcrumb\",\"itemListElement\":[{\"@type\":\"ListItem\",\"position\":1,\"name\":\"Home\",\"item\":\"https:\\\/\\\/insightevents.se\\\/gatubelysningsforum\\\/\"},{\"@type\":\"ListItem\",\"position\":2,\"name\":\"Call for Speakers \u2013 Gatubelysningsforum 2026\"}]},{\"@type\":\"WebSite\",\"@id\":\"https:\\\/\\\/insightevents.se\\\/gatubelysningsforum\\\/#website\",\"url\":\"https:\\\/\\\/insightevents.se\\\/gatubelysningsforum\\\/\",\"name\":\"Gatubelysningsforum\",\"description\":\"Konferens 8-9 september 2016\",\"potentialAction\":[{\"@type\":\"SearchAction\",\"target\":{\"@type\":\"EntryPoint\",\"urlTemplate\":\"https:\\\/\\\/insightevents.se\\\/gatubelysningsforum\\\/?s={search_term_string}\"},\"query-input\":{\"@type\":\"PropertyValueSpecification\",\"valueRequired\":true,\"valueName\":\"search_term_string\"}}],\"inLanguage\":\"sv-SE\"},{\"@type\":\"Person\",\"@id\":\"https:\\\/\\\/insightevents.se\\\/gatubelysningsforum\\\/#\\\/schema\\\/person\\\/b988a5292612382bfb32836eca66b90d\",\"name\":\"Webmaster\",\"image\":{\"@type\":\"ImageObject\",\"inLanguage\":\"sv-SE\",\"@id\":\"https:\\\/\\\/secure.gravatar.com\\\/avatar\\\/1d4fe9198e176b59442a0d34bf3a2daa510b0ef5a486b5f2426c878139f72b99?s=96&d=mm&r=g\",\"url\":\"https:\\\/\\\/secure.gravatar.com\\\/avatar\\\/1d4fe9198e176b59442a0d34bf3a2daa510b0ef5a486b5f2426c878139f72b99?s=96&d=mm&r=g\",\"contentUrl\":\"https:\\\/\\\/secure.gravatar.com\\\/avatar\\\/1d4fe9198e176b59442a0d34bf3a2daa510b0ef5a486b5f2426c878139f72b99?s=96&d=mm&r=g\",\"caption\":\"Webmaster\"},\"url\":\"https:\\\/\\\/insightevents.se\\\/gatubelysningsforum\\\/author\\\/webmaster\\\/\"}]}<\/script>\n<!-- \/ Yoast SEO plugin. -->","yoast_head_json":{"title":"Call for Speakers \u2013 Gatubelysningsforum 2026 - Gatubelysningsforum","robots":{"index":"index","follow":"follow","max-snippet":"max-snippet:-1","max-image-preview":"max-image-preview:large","max-video-preview":"max-video-preview:-1"},"canonical":"https:\/\/insightevents.se\/gatubelysningsforum\/2026\/02\/17\/call-for-speakers-gatubelysningsforum-2026\/","og_locale":"sv_SE","og_type":"article","og_title":"Call for Speakers \u2013 Gatubelysningsforum 2026 - Gatubelysningsforum","og_description":"Vill du vara med och forma framtidens utomhusbelysning? Nu s\u00f6ker vi talare till Gatubelysningsforum 2026 \u2013 den naturliga m\u00f6tesplatsen f\u00f6r kunskapsutbyte, innovation och samverkan inom offentlig belysning. Konferensen samlar experter, kommunrepresentanter, teknikkonsulter, leverant\u00f6rer, forskare och beslutsfattare f\u00f6r att diskutera de viktigaste fr\u00e5gorna som p\u00e5verkar planering, drift och utveckling av modern gatubelysning. Vi s\u00f6ker inspirerande presentationer [&hellip;]","og_url":"https:\/\/insightevents.se\/gatubelysningsforum\/2026\/02\/17\/call-for-speakers-gatubelysningsforum-2026\/","og_site_name":"Gatubelysningsforum","article_published_time":"2026-02-17T13:32:48+00:00","article_modified_time":"2026-02-19T10:33:15+00:00","og_image":[{"width":400,"height":400,"url":"https:\/\/insightevents.se\/gatubelysningsforum\/wp-content\/uploads\/sites\/4\/2025\/10\/DSC_0080-e1771335074872.png","type":"image\/png"}],"author":"Webmaster","twitter_card":"summary_large_image","twitter_misc":{"Skriven av":"Webmaster","Ber\u00e4knad l\u00e4stid":"2 minuter"},"schema":{"@context":"https:\/\/schema.org","@graph":[{"@type":"Article","@id":"https:\/\/insightevents.se\/gatubelysningsforum\/2026\/02\/17\/call-for-speakers-gatubelysningsforum-2026\/#article","isPartOf":{"@id":"https:\/\/insightevents.se\/gatubelysningsforum\/2026\/02\/17\/call-for-speakers-gatubelysningsforum-2026\/"},"author":{"name":"Webmaster","@id":"https:\/\/insightevents.se\/gatubelysningsforum\/#\/schema\/person\/b988a5292612382bfb32836eca66b90d"},"headline":"Call for Speakers \u2013 Gatubelysningsforum 2026","datePublished":"2026-02-17T13:32:48+00:00","dateModified":"2026-02-19T10:33:15+00:00","mainEntityOfPage":{"@id":"https:\/\/insightevents.se\/gatubelysningsforum\/2026\/02\/17\/call-for-speakers-gatubelysningsforum-2026\/"},"wordCount":222,"image":{"@id":"https:\/\/insightevents.se\/gatubelysningsforum\/2026\/02\/17\/call-for-speakers-gatubelysningsforum-2026\/#primaryimage"},"thumbnailUrl":"https:\/\/insightevents.se\/gatubelysningsforum\/wp-content\/uploads\/sites\/4\/2025\/10\/DSC_0080-e1771335074872.png","articleSection":["Nyhet"],"inLanguage":"sv-SE"},{"@type":"WebPage","@id":"https:\/\/insightevents.se\/gatubelysningsforum\/2026\/02\/17\/call-for-speakers-gatubelysningsforum-2026\/","url":"https:\/\/insightevents.se\/gatubelysningsforum\/2026\/02\/17\/call-for-speakers-gatubelysningsforum-2026\/","name":"Call for Speakers \u2013 Gatubelysningsforum 2026 - Gatubelysningsforum","isPartOf":{"@id":"https:\/\/insightevents.se\/gatubelysningsforum\/#website"},"primaryImageOfPage":{"@id":"https:\/\/insightevents.se\/gatubelysningsforum\/2026\/02\/17\/call-for-speakers-gatubelysningsforum-2026\/#primaryimage"},"image":{"@id":"https:\/\/insightevents.se\/gatubelysningsforum\/2026\/02\/17\/call-for-speakers-gatubelysningsforum-2026\/#primaryimage"},"thumbnailUrl":"https:\/\/insightevents.se\/gatubelysningsforum\/wp-content\/uploads\/sites\/4\/2025\/10\/DSC_0080-e1771335074872.png","datePublished":"2026-02-17T13:32:48+00:00","dateModified":"2026-02-19T10:33:15+00:00","author":{"@id":"https:\/\/insightevents.se\/gatubelysningsforum\/#\/schema\/person\/b988a5292612382bfb32836eca66b90d"},"breadcrumb":{"@id":"https:\/\/insightevents.se\/gatubelysningsforum\/2026\/02\/17\/call-for-speakers-gatubelysningsforum-2026\/#breadcrumb"},"inLanguage":"sv-SE","potentialAction":[{"@type":"ReadAction","target":["https:\/\/insightevents.se\/gatubelysningsforum\/2026\/02\/17\/call-for-speakers-gatubelysningsforum-2026\/"]}]},{"@type":"ImageObject","inLanguage":"sv-SE","@id":"https:\/\/insightevents.se\/gatubelysningsforum\/2026\/02\/17\/call-for-speakers-gatubelysningsforum-2026\/#primaryimage","url":"https:\/\/insightevents.se\/gatubelysningsforum\/wp-content\/uploads\/sites\/4\/2025\/10\/DSC_0080-e1771335074872.png","contentUrl":"https:\/\/insightevents.se\/gatubelysningsforum\/wp-content\/uploads\/sites\/4\/2025\/10\/DSC_0080-e1771335074872.png","width":400,"height":400},{"@type":"BreadcrumbList","@id":"https:\/\/insightevents.se\/gatubelysningsforum\/2026\/02\/17\/call-for-speakers-gatubelysningsforum-2026\/#breadcrumb","itemListElement":[{"@type":"ListItem","position":1,"name":"Home","item":"https:\/\/insightevents.se\/gatubelysningsforum\/"},{"@type":"ListItem","position":2,"name":"Call for Speakers \u2013 Gatubelysningsforum 2026"}]},{"@type":"WebSite","@id":"https:\/\/insightevents.se\/gatubelysningsforum\/#website","url":"https:\/\/insightevents.se\/gatubelysningsforum\/","name":"Gatubelysningsforum","description":"Konferens 8-9 september 2016","potentialAction":[{"@type":"SearchAction","target":{"@type":"EntryPoint","urlTemplate":"https:\/\/insightevents.se\/gatubelysningsforum\/?s={search_term_string}"},"query-input":{"@type":"PropertyValueSpecification","valueRequired":true,"valueName":"search_term_string"}}],"inLanguage":"sv-SE"},{"@type":"Person","@id":"https:\/\/insightevents.se\/gatubelysningsforum\/#\/schema\/person\/b988a5292612382bfb32836eca66b90d","name":"Webmaster","image":{"@type":"ImageObject","inLanguage":"sv-SE","@id":"https:\/\/secure.gravatar.com\/avatar\/1d4fe9198e176b59442a0d34bf3a2daa510b0ef5a486b5f2426c878139f72b99?s=96&d=mm&r=g","url":"https:\/\/secure.gravatar.com\/avatar\/1d4fe9198e176b59442a0d34bf3a2daa510b0ef5a486b5f2426c878139f72b99?s=96&d=mm&r=g","contentUrl":"https:\/\/secure.gravatar.com\/avatar\/1d4fe9198e176b59442a0d34bf3a2daa510b0ef5a486b5f2426c878139f72b99?s=96&d=mm&r=g","caption":"Webmaster"},"url":"https:\/\/insightevents.se\/gatubelysningsforum\/author\/webmaster\/"}]}},"_links":{"self":[{"href":"https:\/\/insightevents.se\/gatubelysningsforum\/wp-json\/wp\/v2\/posts\/5435","targetHints":{"allow":["GET"]}}],"collection":[{"href":"https:\/\/insightevents.se\/gatubelysningsforum\/wp-json\/wp\/v2\/posts"}],"about":[{"href":"https:\/\/insightevents.se\/gatubelysningsforum\/wp-json\/wp\/v2\/types\/post"}],"author":[{"embeddable":true,"href":"https:\/\/insightevents.se\/gatubelysningsforum\/wp-json\/wp\/v2\/users\/1"}],"replies":[{"embeddable":true,"href":"https:\/\/insightevents.se\/gatubelysningsforum\/wp-json\/wp\/v2\/comments?post=5435"}],"version-history":[{"count":6,"href":"https:\/\/insightevents.se\/gatubelysningsforum\/wp-json\/wp\/v2\/posts\/5435\/revisions"}],"predecessor-version":[{"id":5456,"href":"https:\/\/insightevents.se\/gatubelysningsforum\/wp-json\/wp\/v2\/posts\/5435\/revisions\/5456"}],"wp:featuredmedia":[{"embeddable":true,"href":"https:\/\/insightevents.se\/gatubelysningsforum\/wp-json\/wp\/v2\/media\/5343"}],"wp:attachment":[{"href":"https:\/\/insightevents.se\/gatubelysningsforum\/wp-json\/wp\/v2\/media?parent=5435"}],"wp:term":[{"taxonomy":"category","embeddable":true,"href":"https:\/\/insightevents.se\/gatubelysningsforum\/wp-json\/wp\/v2\/categories?post=5435"},{"taxonomy":"post_tag","embeddable":true,"href":"https:\/\/insightevents.se\/gatubelysningsforum\/wp-json\/wp\/v2\/tags?post=5435"}],"curies":[{"name":"wp","href":"https:\/\/api.w.org\/{rel}","templated":true}]}}