{"id":606,"date":"2019-04-16T08:01:22","date_gmt":"2019-04-16T08:01:22","guid":{"rendered":"https:\/\/insightevents.se\/gatubelysningsforum\/?p=606"},"modified":"2022-08-08T12:17:01","modified_gmt":"2022-08-08T12:17:01","slug":"talarintervju-johan-rahm-lunds-universitet","status":"publish","type":"post","link":"https:\/\/insightevents.se\/gatubelysningsforum\/2019\/04\/16\/talarintervju-johan-rahm-lunds-universitet\/","title":{"rendered":"Talarintervju &#8211; Johan Rahm, Lunds Universitet"},"content":{"rendered":"<h2><img loading=\"lazy\" decoding=\"async\" class=\" wp-image-584 alignleft\" src=\"https:\/\/insightevents.se\/gatubelysningsforum\/wp-content\/uploads\/sites\/4\/2016\/04\/talare2019_gatubelysning11.jpg\" alt=\"talare2019_gatubelysning11\" width=\"165\" height=\"165\" srcset=\"https:\/\/insightevents.se\/gatubelysningsforum\/wp-content\/uploads\/sites\/4\/2016\/04\/talare2019_gatubelysning11.jpg 200w, https:\/\/insightevents.se\/gatubelysningsforum\/wp-content\/uploads\/sites\/4\/2016\/04\/talare2019_gatubelysning11-150x150.jpg 150w\" sizes=\"auto, (max-width: 165px) 100vw, 165px\" \/>Forskaren Johan Rahm p\u00e5 Lunds universitet \u00e4r en av talarna p\u00e5 Gatubelysningsforum 2019. Han kommer att tala om sin forskning om ljusets betydelse f\u00f6r fotg\u00e4ngare och vilken nytta du som arbetar med utomhusbelysning kan ha av den.\u00a0 Ta del av hans kunskaper om metoder f\u00f6r att m\u00e4ta brukares upplevelser av utomhusbelysning och hur de kan ge ett kompletterande perspektiv till fotometriska m\u00e4tningar.<\/h2>\n<p><strong>Kan du ber\u00e4tta lite om din bakgrund? Hur kommer det sig att du har \u00e4gnat dig \u00e5t forskning om ljus och m\u00e4nniskor?<\/strong><\/p>\n<p>Jag har en bakgrund b\u00e5de som civilingenj\u00f6r i milj\u00f6teknik och som leg. psykolog, och har l\u00e4nge varit intresserad av m\u00e4nniskors beteende kopplat till olika milj\u00f6fr\u00e5gor. Startpunkten f\u00f6r det aktuella forskningsomr\u00e5det var en \u00f6nskan om att utforska de faktorer som inverkar p\u00e5 hur fotg\u00e4ngare anv\u00e4nder staden efter m\u00f6rkrets inbrott. G\u00e5ende \u00e4r en viktig komponent i h\u00e5llbara transportsystem, vilket i sin tur har stor betydelse f\u00f6r h\u00e5llbar stadsutveckling. P\u00e5 v\u00e5ra breddgrader \u00e4r det under l\u00e5nga perioder m\u00f6rkt n\u00e4r m\u00e4nniskor tar sig till och fr\u00e5n jobb och skola; utomhusbelysningen blir d\u00e5 en faktor som m\u00f6jligg\u00f6r g\u00e5ende.<\/p>\n<p><strong>Ber\u00e4tta lite mer om din forskning. Vad \u00e4r det du unders\u00f6ker?<\/strong><\/p>\n<p>Min forskning utg\u00e5r ifr\u00e5n ett milj\u00f6psykologiskt perspektiv, det vill s\u00e4ga teorier r\u00f6rande interaktionen mellan m\u00e4nniskan och den fysiska och sociala milj\u00f6n. Jag har de senaste \u00e5ren forskat kring hur fotg\u00e4ngare upplever utomhusbelysning och hur v\u00e4l de ser i den belysta milj\u00f6n, samt utv\u00e4rderat metoder f\u00f6r att j\u00e4mf\u00f6ra olika belysningsl\u00f6sningar.<\/p>\n<p><strong>Vad kan den som arbetar med (gatu)belysning i en kommun ha f\u00f6r konkret nytta av din forskning?<\/strong><\/p>\n<p>Vi har utvecklat metoder f\u00f6r att utv\u00e4rdera belysningsl\u00f6sningar baserat p\u00e5 hur de upplevs av brukarna. Metoderna kan fungera som komplement till fotometriska m\u00e4tningar och anv\u00e4ndas f\u00f6r att se hur olika belysningar upplevs, samt hur v\u00e4l de m\u00f6ter de s\u00e4rskilda behov \u00e4ldre och personer med synneds\u00e4ttning har. Kommuner kan exempelvis, inf\u00f6r st\u00f6rre upphandlingar, anv\u00e4nda v\u00e5ra metoder som ett hj\u00e4lpmedel f\u00f6r att utv\u00e4rdera olika armaturer i en pilotinstallation.<\/p>\n<p><strong>P\u00e5 vilket s\u00e4tt kan leverant\u00f6rer av utomhusbelysning dra nytta av din forskning?<\/strong><\/p>\n<p>Min forskning kan bidra till att skapa f\u00f6rst\u00e5else f\u00f6r brukarperspektivet och metoderna kan anv\u00e4ndas vid utvecklandet av nya armaturer.<\/p>\n<p><strong>Tror du att en kommun kan utm\u00e4rka sig (gentemot andra kommuner) genom att satsa p\u00e5 fotg\u00e4ngares upplevelse av belysning och k\u00e4nsla av trygghet i det sammanhanget? Utveckla g\u00e4rna ditt svar.<\/strong><\/p>\n<p>Jag tror att kommuner, med hj\u00e4lp av belysning, kan skapa inbjudande stadsmilj\u00f6er som bidrar till att fler v\u00e4ljer att r\u00f6ra sig i staden efter m\u00f6rkrets inbrott. Forskning visar p\u00e5 belysningens betydelse f\u00f6r trygghetsupplevelsen, men bra ljusdesign kan ocks\u00e5 bidra till att stadsrummet upplevs mer tilltalande och intressant p\u00e5 kv\u00e4llen. En tydlig belysningsplan, som tar fotg\u00e4ngare i beaktning, ger kommunen m\u00f6jlighet att profilera sig visuellt och samtidigt tillg\u00e4ngligg\u00f6ra staden f\u00f6r fotg\u00e4ngare kv\u00e4llstid.<\/p>\n<p><strong>Lite kort, vad vill du att deltagarna ska ta med sig fr\u00e5n ditt pass p\u00e5 Gatubelysningsforum 2019?<\/strong><\/p>\n<p>Jag vill att \u00e5h\u00f6rarna ska f\u00e5 med sig en medvetenhet om att det finns metoder f\u00f6r att m\u00e4ta brukares upplevelser av utomhusbelysning och att dessa metoder kan ge ett kompletterande perspektiv till fotometriska m\u00e4tningar. Jag vill ocks\u00e5 bidra till en \u00f6kad f\u00f6rst\u00e5else f\u00f6r att utomhusbelysning \u00e4r en viktig fr\u00e5ga f\u00f6r fotg\u00e4ngare, som p\u00e5verkar i vilken utstr\u00e4ckning man v\u00e4ljer att g\u00e5.<\/p>\n","protected":false},"excerpt":{"rendered":"<p>Forskaren Johan Rahm p\u00e5 Lunds universitet \u00e4r en av talarna p\u00e5 Gatubelysningsforum 2019. Han kommer att tala om sin forskning om ljusets betydelse f\u00f6r fotg\u00e4ngare och vilken nytta du som arbetar med utomhusbelysning kan ha av den.\u00a0 Ta del av hans kunskaper om metoder f\u00f6r att m\u00e4ta brukares upplevelser av utomhusbelysning och hur de kan [&hellip;]<\/p>\n","protected":false},"author":1,"featured_media":0,"comment_status":"closed","ping_status":"open","sticky":false,"template":"","format":"standard","meta":{"_acf_changed":false,"footnotes":""},"categories":[1],"tags":[],"class_list":["post-606","post","type-post","status-publish","format-standard","hentry","category-uncategorized"],"acf":[],"yoast_head":"<!-- This site is optimized with the Yoast SEO plugin v27.3 - https:\/\/yoast.com\/product\/yoast-seo-wordpress\/ -->\n<title>Talarintervju - Johan Rahm, Lunds Universitet - Gatubelysningsforum<\/title>\n<meta name=\"robots\" content=\"index, follow, max-snippet:-1, max-image-preview:large, max-video-preview:-1\" \/>\n<link rel=\"canonical\" href=\"https:\/\/insightevents.se\/gatubelysningsforum\/2019\/04\/16\/talarintervju-johan-rahm-lunds-universitet\/\" \/>\n<meta property=\"og:locale\" content=\"sv_SE\" \/>\n<meta property=\"og:type\" content=\"article\" \/>\n<meta property=\"og:title\" content=\"Talarintervju - Johan Rahm, Lunds Universitet - Gatubelysningsforum\" \/>\n<meta property=\"og:description\" content=\"Forskaren Johan Rahm p\u00e5 Lunds universitet \u00e4r en av talarna p\u00e5 Gatubelysningsforum 2019. Han kommer att tala om sin forskning om ljusets betydelse f\u00f6r fotg\u00e4ngare och vilken nytta du som arbetar med utomhusbelysning kan ha av den.\u00a0 Ta del av hans kunskaper om metoder f\u00f6r att m\u00e4ta brukares upplevelser av utomhusbelysning och hur de kan [&hellip;]\" \/>\n<meta property=\"og:url\" content=\"https:\/\/insightevents.se\/gatubelysningsforum\/2019\/04\/16\/talarintervju-johan-rahm-lunds-universitet\/\" \/>\n<meta property=\"og:site_name\" content=\"Gatubelysningsforum\" \/>\n<meta property=\"article:published_time\" content=\"2019-04-16T08:01:22+00:00\" \/>\n<meta property=\"article:modified_time\" content=\"2022-08-08T12:17:01+00:00\" \/>\n<meta property=\"og:image\" content=\"https:\/\/insightevents.se\/gatubelysningsforum\/wp-content\/uploads\/sites\/4\/2016\/04\/talare2019_gatubelysning11.jpg\" \/>\n<meta name=\"author\" content=\"Webmaster\" \/>\n<meta name=\"twitter:card\" content=\"summary_large_image\" \/>\n<meta name=\"twitter:label1\" content=\"Skriven av\" \/>\n\t<meta name=\"twitter:data1\" content=\"Webmaster\" \/>\n\t<meta name=\"twitter:label2\" content=\"Ber\u00e4knad l\u00e4stid\" \/>\n\t<meta name=\"twitter:data2\" content=\"3 minuter\" \/>\n<script type=\"application\/ld+json\" class=\"yoast-schema-graph\">{\"@context\":\"https:\\\/\\\/schema.org\",\"@graph\":[{\"@type\":\"Article\",\"@id\":\"https:\\\/\\\/insightevents.se\\\/gatubelysningsforum\\\/2019\\\/04\\\/16\\\/talarintervju-johan-rahm-lunds-universitet\\\/#article\",\"isPartOf\":{\"@id\":\"https:\\\/\\\/insightevents.se\\\/gatubelysningsforum\\\/2019\\\/04\\\/16\\\/talarintervju-johan-rahm-lunds-universitet\\\/\"},\"author\":{\"name\":\"Webmaster\",\"@id\":\"https:\\\/\\\/insightevents.se\\\/gatubelysningsforum\\\/#\\\/schema\\\/person\\\/b988a5292612382bfb32836eca66b90d\"},\"headline\":\"Talarintervju &#8211; Johan Rahm, Lunds Universitet\",\"datePublished\":\"2019-04-16T08:01:22+00:00\",\"dateModified\":\"2022-08-08T12:17:01+00:00\",\"mainEntityOfPage\":{\"@id\":\"https:\\\/\\\/insightevents.se\\\/gatubelysningsforum\\\/2019\\\/04\\\/16\\\/talarintervju-johan-rahm-lunds-universitet\\\/\"},\"wordCount\":639,\"image\":{\"@id\":\"https:\\\/\\\/insightevents.se\\\/gatubelysningsforum\\\/2019\\\/04\\\/16\\\/talarintervju-johan-rahm-lunds-universitet\\\/#primaryimage\"},\"thumbnailUrl\":\"https:\\\/\\\/insightevents.se\\\/gatubelysningsforum\\\/wp-content\\\/uploads\\\/sites\\\/4\\\/2016\\\/04\\\/talare2019_gatubelysning11.jpg\",\"articleSection\":[\"Uncategorized\"],\"inLanguage\":\"sv-SE\"},{\"@type\":\"WebPage\",\"@id\":\"https:\\\/\\\/insightevents.se\\\/gatubelysningsforum\\\/2019\\\/04\\\/16\\\/talarintervju-johan-rahm-lunds-universitet\\\/\",\"url\":\"https:\\\/\\\/insightevents.se\\\/gatubelysningsforum\\\/2019\\\/04\\\/16\\\/talarintervju-johan-rahm-lunds-universitet\\\/\",\"name\":\"Talarintervju - Johan Rahm, Lunds Universitet - Gatubelysningsforum\",\"isPartOf\":{\"@id\":\"https:\\\/\\\/insightevents.se\\\/gatubelysningsforum\\\/#website\"},\"primaryImageOfPage\":{\"@id\":\"https:\\\/\\\/insightevents.se\\\/gatubelysningsforum\\\/2019\\\/04\\\/16\\\/talarintervju-johan-rahm-lunds-universitet\\\/#primaryimage\"},\"image\":{\"@id\":\"https:\\\/\\\/insightevents.se\\\/gatubelysningsforum\\\/2019\\\/04\\\/16\\\/talarintervju-johan-rahm-lunds-universitet\\\/#primaryimage\"},\"thumbnailUrl\":\"https:\\\/\\\/insightevents.se\\\/gatubelysningsforum\\\/wp-content\\\/uploads\\\/sites\\\/4\\\/2016\\\/04\\\/talare2019_gatubelysning11.jpg\",\"datePublished\":\"2019-04-16T08:01:22+00:00\",\"dateModified\":\"2022-08-08T12:17:01+00:00\",\"author\":{\"@id\":\"https:\\\/\\\/insightevents.se\\\/gatubelysningsforum\\\/#\\\/schema\\\/person\\\/b988a5292612382bfb32836eca66b90d\"},\"breadcrumb\":{\"@id\":\"https:\\\/\\\/insightevents.se\\\/gatubelysningsforum\\\/2019\\\/04\\\/16\\\/talarintervju-johan-rahm-lunds-universitet\\\/#breadcrumb\"},\"inLanguage\":\"sv-SE\",\"potentialAction\":[{\"@type\":\"ReadAction\",\"target\":[\"https:\\\/\\\/insightevents.se\\\/gatubelysningsforum\\\/2019\\\/04\\\/16\\\/talarintervju-johan-rahm-lunds-universitet\\\/\"]}]},{\"@type\":\"ImageObject\",\"inLanguage\":\"sv-SE\",\"@id\":\"https:\\\/\\\/insightevents.se\\\/gatubelysningsforum\\\/2019\\\/04\\\/16\\\/talarintervju-johan-rahm-lunds-universitet\\\/#primaryimage\",\"url\":\"https:\\\/\\\/insightevents.se\\\/gatubelysningsforum\\\/wp-content\\\/uploads\\\/sites\\\/4\\\/2016\\\/04\\\/talare2019_gatubelysning11.jpg\",\"contentUrl\":\"https:\\\/\\\/insightevents.se\\\/gatubelysningsforum\\\/wp-content\\\/uploads\\\/sites\\\/4\\\/2016\\\/04\\\/talare2019_gatubelysning11.jpg\",\"width\":200,\"height\":200},{\"@type\":\"BreadcrumbList\",\"@id\":\"https:\\\/\\\/insightevents.se\\\/gatubelysningsforum\\\/2019\\\/04\\\/16\\\/talarintervju-johan-rahm-lunds-universitet\\\/#breadcrumb\",\"itemListElement\":[{\"@type\":\"ListItem\",\"position\":1,\"name\":\"Home\",\"item\":\"https:\\\/\\\/insightevents.se\\\/gatubelysningsforum\\\/\"},{\"@type\":\"ListItem\",\"position\":2,\"name\":\"Talarintervju &#8211; Johan Rahm, Lunds Universitet\"}]},{\"@type\":\"WebSite\",\"@id\":\"https:\\\/\\\/insightevents.se\\\/gatubelysningsforum\\\/#website\",\"url\":\"https:\\\/\\\/insightevents.se\\\/gatubelysningsforum\\\/\",\"name\":\"Gatubelysningsforum\",\"description\":\"Konferens 8-9 september 2016\",\"potentialAction\":[{\"@type\":\"SearchAction\",\"target\":{\"@type\":\"EntryPoint\",\"urlTemplate\":\"https:\\\/\\\/insightevents.se\\\/gatubelysningsforum\\\/?s={search_term_string}\"},\"query-input\":{\"@type\":\"PropertyValueSpecification\",\"valueRequired\":true,\"valueName\":\"search_term_string\"}}],\"inLanguage\":\"sv-SE\"},{\"@type\":\"Person\",\"@id\":\"https:\\\/\\\/insightevents.se\\\/gatubelysningsforum\\\/#\\\/schema\\\/person\\\/b988a5292612382bfb32836eca66b90d\",\"name\":\"Webmaster\",\"image\":{\"@type\":\"ImageObject\",\"inLanguage\":\"sv-SE\",\"@id\":\"https:\\\/\\\/secure.gravatar.com\\\/avatar\\\/1d4fe9198e176b59442a0d34bf3a2daa510b0ef5a486b5f2426c878139f72b99?s=96&d=mm&r=g\",\"url\":\"https:\\\/\\\/secure.gravatar.com\\\/avatar\\\/1d4fe9198e176b59442a0d34bf3a2daa510b0ef5a486b5f2426c878139f72b99?s=96&d=mm&r=g\",\"contentUrl\":\"https:\\\/\\\/secure.gravatar.com\\\/avatar\\\/1d4fe9198e176b59442a0d34bf3a2daa510b0ef5a486b5f2426c878139f72b99?s=96&d=mm&r=g\",\"caption\":\"Webmaster\"},\"url\":\"https:\\\/\\\/insightevents.se\\\/gatubelysningsforum\\\/author\\\/webmaster\\\/\"}]}<\/script>\n<!-- \/ Yoast SEO plugin. -->","yoast_head_json":{"title":"Talarintervju - Johan Rahm, Lunds Universitet - Gatubelysningsforum","robots":{"index":"index","follow":"follow","max-snippet":"max-snippet:-1","max-image-preview":"max-image-preview:large","max-video-preview":"max-video-preview:-1"},"canonical":"https:\/\/insightevents.se\/gatubelysningsforum\/2019\/04\/16\/talarintervju-johan-rahm-lunds-universitet\/","og_locale":"sv_SE","og_type":"article","og_title":"Talarintervju - Johan Rahm, Lunds Universitet - Gatubelysningsforum","og_description":"Forskaren Johan Rahm p\u00e5 Lunds universitet \u00e4r en av talarna p\u00e5 Gatubelysningsforum 2019. Han kommer att tala om sin forskning om ljusets betydelse f\u00f6r fotg\u00e4ngare och vilken nytta du som arbetar med utomhusbelysning kan ha av den.\u00a0 Ta del av hans kunskaper om metoder f\u00f6r att m\u00e4ta brukares upplevelser av utomhusbelysning och hur de kan [&hellip;]","og_url":"https:\/\/insightevents.se\/gatubelysningsforum\/2019\/04\/16\/talarintervju-johan-rahm-lunds-universitet\/","og_site_name":"Gatubelysningsforum","article_published_time":"2019-04-16T08:01:22+00:00","article_modified_time":"2022-08-08T12:17:01+00:00","og_image":[{"url":"https:\/\/insightevents.se\/gatubelysningsforum\/wp-content\/uploads\/sites\/4\/2016\/04\/talare2019_gatubelysning11.jpg","type":"","width":"","height":""}],"author":"Webmaster","twitter_card":"summary_large_image","twitter_misc":{"Skriven av":"Webmaster","Ber\u00e4knad l\u00e4stid":"3 minuter"},"schema":{"@context":"https:\/\/schema.org","@graph":[{"@type":"Article","@id":"https:\/\/insightevents.se\/gatubelysningsforum\/2019\/04\/16\/talarintervju-johan-rahm-lunds-universitet\/#article","isPartOf":{"@id":"https:\/\/insightevents.se\/gatubelysningsforum\/2019\/04\/16\/talarintervju-johan-rahm-lunds-universitet\/"},"author":{"name":"Webmaster","@id":"https:\/\/insightevents.se\/gatubelysningsforum\/#\/schema\/person\/b988a5292612382bfb32836eca66b90d"},"headline":"Talarintervju &#8211; Johan Rahm, Lunds Universitet","datePublished":"2019-04-16T08:01:22+00:00","dateModified":"2022-08-08T12:17:01+00:00","mainEntityOfPage":{"@id":"https:\/\/insightevents.se\/gatubelysningsforum\/2019\/04\/16\/talarintervju-johan-rahm-lunds-universitet\/"},"wordCount":639,"image":{"@id":"https:\/\/insightevents.se\/gatubelysningsforum\/2019\/04\/16\/talarintervju-johan-rahm-lunds-universitet\/#primaryimage"},"thumbnailUrl":"https:\/\/insightevents.se\/gatubelysningsforum\/wp-content\/uploads\/sites\/4\/2016\/04\/talare2019_gatubelysning11.jpg","articleSection":["Uncategorized"],"inLanguage":"sv-SE"},{"@type":"WebPage","@id":"https:\/\/insightevents.se\/gatubelysningsforum\/2019\/04\/16\/talarintervju-johan-rahm-lunds-universitet\/","url":"https:\/\/insightevents.se\/gatubelysningsforum\/2019\/04\/16\/talarintervju-johan-rahm-lunds-universitet\/","name":"Talarintervju - Johan Rahm, Lunds Universitet - Gatubelysningsforum","isPartOf":{"@id":"https:\/\/insightevents.se\/gatubelysningsforum\/#website"},"primaryImageOfPage":{"@id":"https:\/\/insightevents.se\/gatubelysningsforum\/2019\/04\/16\/talarintervju-johan-rahm-lunds-universitet\/#primaryimage"},"image":{"@id":"https:\/\/insightevents.se\/gatubelysningsforum\/2019\/04\/16\/talarintervju-johan-rahm-lunds-universitet\/#primaryimage"},"thumbnailUrl":"https:\/\/insightevents.se\/gatubelysningsforum\/wp-content\/uploads\/sites\/4\/2016\/04\/talare2019_gatubelysning11.jpg","datePublished":"2019-04-16T08:01:22+00:00","dateModified":"2022-08-08T12:17:01+00:00","author":{"@id":"https:\/\/insightevents.se\/gatubelysningsforum\/#\/schema\/person\/b988a5292612382bfb32836eca66b90d"},"breadcrumb":{"@id":"https:\/\/insightevents.se\/gatubelysningsforum\/2019\/04\/16\/talarintervju-johan-rahm-lunds-universitet\/#breadcrumb"},"inLanguage":"sv-SE","potentialAction":[{"@type":"ReadAction","target":["https:\/\/insightevents.se\/gatubelysningsforum\/2019\/04\/16\/talarintervju-johan-rahm-lunds-universitet\/"]}]},{"@type":"ImageObject","inLanguage":"sv-SE","@id":"https:\/\/insightevents.se\/gatubelysningsforum\/2019\/04\/16\/talarintervju-johan-rahm-lunds-universitet\/#primaryimage","url":"https:\/\/insightevents.se\/gatubelysningsforum\/wp-content\/uploads\/sites\/4\/2016\/04\/talare2019_gatubelysning11.jpg","contentUrl":"https:\/\/insightevents.se\/gatubelysningsforum\/wp-content\/uploads\/sites\/4\/2016\/04\/talare2019_gatubelysning11.jpg","width":200,"height":200},{"@type":"BreadcrumbList","@id":"https:\/\/insightevents.se\/gatubelysningsforum\/2019\/04\/16\/talarintervju-johan-rahm-lunds-universitet\/#breadcrumb","itemListElement":[{"@type":"ListItem","position":1,"name":"Home","item":"https:\/\/insightevents.se\/gatubelysningsforum\/"},{"@type":"ListItem","position":2,"name":"Talarintervju &#8211; Johan Rahm, Lunds Universitet"}]},{"@type":"WebSite","@id":"https:\/\/insightevents.se\/gatubelysningsforum\/#website","url":"https:\/\/insightevents.se\/gatubelysningsforum\/","name":"Gatubelysningsforum","description":"Konferens 8-9 september 2016","potentialAction":[{"@type":"SearchAction","target":{"@type":"EntryPoint","urlTemplate":"https:\/\/insightevents.se\/gatubelysningsforum\/?s={search_term_string}"},"query-input":{"@type":"PropertyValueSpecification","valueRequired":true,"valueName":"search_term_string"}}],"inLanguage":"sv-SE"},{"@type":"Person","@id":"https:\/\/insightevents.se\/gatubelysningsforum\/#\/schema\/person\/b988a5292612382bfb32836eca66b90d","name":"Webmaster","image":{"@type":"ImageObject","inLanguage":"sv-SE","@id":"https:\/\/secure.gravatar.com\/avatar\/1d4fe9198e176b59442a0d34bf3a2daa510b0ef5a486b5f2426c878139f72b99?s=96&d=mm&r=g","url":"https:\/\/secure.gravatar.com\/avatar\/1d4fe9198e176b59442a0d34bf3a2daa510b0ef5a486b5f2426c878139f72b99?s=96&d=mm&r=g","contentUrl":"https:\/\/secure.gravatar.com\/avatar\/1d4fe9198e176b59442a0d34bf3a2daa510b0ef5a486b5f2426c878139f72b99?s=96&d=mm&r=g","caption":"Webmaster"},"url":"https:\/\/insightevents.se\/gatubelysningsforum\/author\/webmaster\/"}]}},"_links":{"self":[{"href":"https:\/\/insightevents.se\/gatubelysningsforum\/wp-json\/wp\/v2\/posts\/606","targetHints":{"allow":["GET"]}}],"collection":[{"href":"https:\/\/insightevents.se\/gatubelysningsforum\/wp-json\/wp\/v2\/posts"}],"about":[{"href":"https:\/\/insightevents.se\/gatubelysningsforum\/wp-json\/wp\/v2\/types\/post"}],"author":[{"embeddable":true,"href":"https:\/\/insightevents.se\/gatubelysningsforum\/wp-json\/wp\/v2\/users\/1"}],"replies":[{"embeddable":true,"href":"https:\/\/insightevents.se\/gatubelysningsforum\/wp-json\/wp\/v2\/comments?post=606"}],"version-history":[{"count":2,"href":"https:\/\/insightevents.se\/gatubelysningsforum\/wp-json\/wp\/v2\/posts\/606\/revisions"}],"predecessor-version":[{"id":608,"href":"https:\/\/insightevents.se\/gatubelysningsforum\/wp-json\/wp\/v2\/posts\/606\/revisions\/608"}],"wp:attachment":[{"href":"https:\/\/insightevents.se\/gatubelysningsforum\/wp-json\/wp\/v2\/media?parent=606"}],"wp:term":[{"taxonomy":"category","embeddable":true,"href":"https:\/\/insightevents.se\/gatubelysningsforum\/wp-json\/wp\/v2\/categories?post=606"},{"taxonomy":"post_tag","embeddable":true,"href":"https:\/\/insightevents.se\/gatubelysningsforum\/wp-json\/wp\/v2\/tags?post=606"}],"curies":[{"name":"wp","href":"https:\/\/api.w.org\/{rel}","templated":true}]}}