{"id":617,"date":"2019-05-15T08:26:34","date_gmt":"2019-05-15T08:26:34","guid":{"rendered":"https:\/\/insightevents.se\/gatubelysningsforum\/?p=617"},"modified":"2022-08-08T12:17:01","modified_gmt":"2022-08-08T12:17:01","slug":"intervju-fyrbenta-vanner-led-och-andra-utmaningar-kopings-kommun","status":"publish","type":"post","link":"https:\/\/insightevents.se\/gatubelysningsforum\/2019\/05\/15\/intervju-fyrbenta-vanner-led-och-andra-utmaningar-kopings-kommun\/","title":{"rendered":"Intervju &#8211; Fyrbenta v\u00e4nner, LED och andra utmaningar i K\u00f6pings kommun"},"content":{"rendered":"<h3 class=\"xmsonormal\">Vi har intervjuat Thomas G\u00f6ransson, Belysning och Schaktansvarig K\u00f6pings kommun. Aktuell som deltagare p\u00e5\u00a0 Gatubelysningsforum om n\u00e5gra av branschens utmaningar<\/h3>\n<p class=\"xmsonormal\"><b>Du jobbar som belysnings och schaktansvarig p\u00e5 K\u00f6pings kommun, vad inneb\u00e4r det till vardags Thomas?<\/b><\/p>\n<p class=\"xmsonormal\">Det inneb\u00e4r att se till att gatubelysningen fungerar inom kommunen, att f\u00f6rnya det som \u00e4r slitet och \u00e4ven ha koll p\u00e5 nyheter inom omr\u00e5det. Samt ha kontakt med v\u00e5r underh\u00e5llsentrepren\u00f6r. Schakttillst\u00e5nden handlar om att ta hand om de ans\u00f6kningar som g\u00e4ller gr\u00e4vandet p\u00e5 kommunens mark. Ledningsdragande verk m.m. Samt ge tillst\u00e5nd, se om det \u00e4r n\u00e5got som kan samf\u00f6rl\u00e4ggas n\u00e4r det ska gr\u00e4vas.<\/p>\n<p class=\"xmsonormal\"><b>Du har l\u00e5ng erfarenhet inom branschen. Hur l\u00e4nge har du varit verksam inom belysningsomr\u00e5det och i K\u00f6pings kommun?<\/b><\/p>\n<p class=\"xmsonormal\">Jag b\u00f6rjade jobba p\u00e5 det kommunala elverket i K\u00f6pings kommun 1980. Kom i kontakt med gatubelysningen 1983. Var sedan 1989 ansvarig f\u00f6r underh\u00e5llet p\u00e5 gatubelysningen i K\u00f6ping, Arboga och Kungs\u00f6r.2016 b\u00f6rjade jag som ansvarig inom K\u00f6pings kommun f\u00f6r gatubelysning och schakttillst\u00e5nd.<\/p>\n<p class=\"xmsonormal\"><b>Vilka fr\u00e5gor \u00e4r mest uppe p\u00e5 dagordningen nu i K\u00f6ping vad g\u00e4ller belysning?<\/b><\/p>\n<p class=\"xmsonormal\">Det som \u00e4r viktigast just nu \u00e4r att se \u00f6ver alla belysningsstolpar som b\u00f6rjar ha n\u00e5gra \u00e5r p\u00e5 nacken.Det \u00e4r f\u00f6rst och fr\u00e4mst v\u00e5ra g\u00e5ng och cykelbanor som vi m\u00e4rkt att det inte st\u00e5r s\u00e5 bra till med och det beror nog till en stor del p\u00e5 att v\u00e5ra fyrbenta v\u00e4nner bes\u00f6ker dem v\u00e4ldigt frekvent. Det diskuteras naturligtvis mycket om LED belysning.<\/p>\n<p class=\"xmsonormal\"><b>Smarta st\u00e4der\u00a0pratas det en hel del om \u00a0\u2013 hur g\u00e5r tankarna h\u00e4r i K\u00f6ping?<\/b><\/p>\n<p class=\"xmsonormal\">Det h\u00e4r \u00e4r ett mycket intressant \u00e4mne. H\u00e4r f\u00f6rs\u00f6ker jag vara med s\u00e5 mycket som m\u00f6jligt och se hur utvecklingen g\u00e5r.<\/p>\n<p class=\"xmsonormal\"><b>Belysning \u00e4r ett komplext omr\u00e5de som slukar mycket pengar och resurser, hur vet man att man v\u00e4ljer r\u00e4tt belysning? <\/b><\/p>\n<p class=\"xmsonormal\">Jo. Det kostar en hel del att ha den ig\u00e5ng. B\u00e5de vad det g\u00e4ller underh\u00e5ll, investering samt energi. Efter m\u00e5nga \u00e5r inom omr\u00e5det samt kontakt med kollegor i andra kommuner s\u00e5 f\u00f6rs\u00f6ker vi komma fram till vad som \u00e4r bra och r\u00e4tt belysning.<\/p>\n<p class=\"xmsonormal\"><b>Vilka anpassningar och investeringar har ni gjort p\u00e5 omr\u00e5det de senaste \u00e5ren. Hur ser utvecklingen ut?<\/b><\/p>\n<p class=\"xmsonormal\">Vi har satsat p\u00e5 att flytta ut v\u00e5ra belysningscentraler fr\u00e5n elbolagens n\u00e4tstationer. Vi och v\u00e5ra entrepren\u00f6rer m\u00e5ste komma \u00e5t dessa p\u00e5 ett smidigt s\u00e4tt och inte vara beroende av att n\u00e5gon m\u00e5ste komma och l\u00e5sa upp f\u00f6r oss. Vi satsar \u00e4ven \u00a0p\u00e5 att f\u00f6rst\u00e4rka belysningen vid \u00f6verg\u00e5ngsst\u00e4llen samt vid v\u00e4gkorsningar. M\u00e5let \u00e4r att byta ut all h\u00f6gtrycksnatrium till LED. De omr\u00e5den vi nu satsat p\u00e5 har uppskattats mycket av v\u00e5ra innev\u00e5nare d\u00e5 det blir ett helt annat ljus d\u00e4r.<\/p>\n<p class=\"xmsonormal\"><b>Slutligen, vad ser du mest fram emot p\u00e5 konferensen Gatubelysningsforum? <\/b><\/p>\n<p class=\"xmsonormal\">Naturligtvis f\u00e5 se vad nyheter som komma skall samt att tr\u00e4ffa likasinnade kollegor<\/p>\n","protected":false},"excerpt":{"rendered":"<p>Vi har intervjuat Thomas G\u00f6ransson, Belysning och Schaktansvarig K\u00f6pings kommun. Aktuell som deltagare p\u00e5\u00a0 Gatubelysningsforum om n\u00e5gra av branschens utmaningar Du jobbar som belysnings och schaktansvarig p\u00e5 K\u00f6pings kommun, vad inneb\u00e4r det till vardags Thomas? Det inneb\u00e4r att se till att gatubelysningen fungerar inom kommunen, att f\u00f6rnya det som \u00e4r slitet och \u00e4ven ha koll [&hellip;]<\/p>\n","protected":false},"author":1,"featured_media":0,"comment_status":"closed","ping_status":"open","sticky":false,"template":"","format":"standard","meta":{"_acf_changed":false,"footnotes":""},"categories":[1],"tags":[],"class_list":["post-617","post","type-post","status-publish","format-standard","hentry","category-uncategorized"],"acf":[],"yoast_head":"<!-- This site is optimized with the Yoast SEO plugin v27.3 - https:\/\/yoast.com\/product\/yoast-seo-wordpress\/ -->\n<title>Intervju - Fyrbenta v\u00e4nner, LED och andra utmaningar i K\u00f6pings kommun - Gatubelysningsforum<\/title>\n<meta name=\"robots\" content=\"index, follow, max-snippet:-1, max-image-preview:large, max-video-preview:-1\" \/>\n<link rel=\"canonical\" href=\"https:\/\/insightevents.se\/gatubelysningsforum\/2019\/05\/15\/intervju-fyrbenta-vanner-led-och-andra-utmaningar-kopings-kommun\/\" \/>\n<meta property=\"og:locale\" content=\"sv_SE\" \/>\n<meta property=\"og:type\" content=\"article\" \/>\n<meta property=\"og:title\" content=\"Intervju - Fyrbenta v\u00e4nner, LED och andra utmaningar i K\u00f6pings kommun - Gatubelysningsforum\" \/>\n<meta property=\"og:description\" content=\"Vi har intervjuat Thomas G\u00f6ransson, Belysning och Schaktansvarig K\u00f6pings kommun. Aktuell som deltagare p\u00e5\u00a0 Gatubelysningsforum om n\u00e5gra av branschens utmaningar Du jobbar som belysnings och schaktansvarig p\u00e5 K\u00f6pings kommun, vad inneb\u00e4r det till vardags Thomas? Det inneb\u00e4r att se till att gatubelysningen fungerar inom kommunen, att f\u00f6rnya det som \u00e4r slitet och \u00e4ven ha koll [&hellip;]\" \/>\n<meta property=\"og:url\" content=\"https:\/\/insightevents.se\/gatubelysningsforum\/2019\/05\/15\/intervju-fyrbenta-vanner-led-och-andra-utmaningar-kopings-kommun\/\" \/>\n<meta property=\"og:site_name\" content=\"Gatubelysningsforum\" \/>\n<meta property=\"article:published_time\" content=\"2019-05-15T08:26:34+00:00\" \/>\n<meta property=\"article:modified_time\" content=\"2022-08-08T12:17:01+00:00\" \/>\n<meta name=\"author\" content=\"Webmaster\" \/>\n<meta name=\"twitter:card\" content=\"summary_large_image\" \/>\n<meta name=\"twitter:label1\" content=\"Skriven av\" \/>\n\t<meta name=\"twitter:data1\" content=\"Webmaster\" \/>\n\t<meta name=\"twitter:label2\" content=\"Ber\u00e4knad l\u00e4stid\" \/>\n\t<meta name=\"twitter:data2\" content=\"3 minuter\" \/>\n<script type=\"application\/ld+json\" class=\"yoast-schema-graph\">{\"@context\":\"https:\\\/\\\/schema.org\",\"@graph\":[{\"@type\":\"Article\",\"@id\":\"https:\\\/\\\/insightevents.se\\\/gatubelysningsforum\\\/2019\\\/05\\\/15\\\/intervju-fyrbenta-vanner-led-och-andra-utmaningar-kopings-kommun\\\/#article\",\"isPartOf\":{\"@id\":\"https:\\\/\\\/insightevents.se\\\/gatubelysningsforum\\\/2019\\\/05\\\/15\\\/intervju-fyrbenta-vanner-led-och-andra-utmaningar-kopings-kommun\\\/\"},\"author\":{\"name\":\"Webmaster\",\"@id\":\"https:\\\/\\\/insightevents.se\\\/gatubelysningsforum\\\/#\\\/schema\\\/person\\\/b988a5292612382bfb32836eca66b90d\"},\"headline\":\"Intervju &#8211; Fyrbenta v\u00e4nner, LED och andra utmaningar i K\u00f6pings kommun\",\"datePublished\":\"2019-05-15T08:26:34+00:00\",\"dateModified\":\"2022-08-08T12:17:01+00:00\",\"mainEntityOfPage\":{\"@id\":\"https:\\\/\\\/insightevents.se\\\/gatubelysningsforum\\\/2019\\\/05\\\/15\\\/intervju-fyrbenta-vanner-led-och-andra-utmaningar-kopings-kommun\\\/\"},\"wordCount\":555,\"articleSection\":[\"Uncategorized\"],\"inLanguage\":\"sv-SE\"},{\"@type\":\"WebPage\",\"@id\":\"https:\\\/\\\/insightevents.se\\\/gatubelysningsforum\\\/2019\\\/05\\\/15\\\/intervju-fyrbenta-vanner-led-och-andra-utmaningar-kopings-kommun\\\/\",\"url\":\"https:\\\/\\\/insightevents.se\\\/gatubelysningsforum\\\/2019\\\/05\\\/15\\\/intervju-fyrbenta-vanner-led-och-andra-utmaningar-kopings-kommun\\\/\",\"name\":\"Intervju - Fyrbenta v\u00e4nner, LED och andra utmaningar i K\u00f6pings kommun - Gatubelysningsforum\",\"isPartOf\":{\"@id\":\"https:\\\/\\\/insightevents.se\\\/gatubelysningsforum\\\/#website\"},\"datePublished\":\"2019-05-15T08:26:34+00:00\",\"dateModified\":\"2022-08-08T12:17:01+00:00\",\"author\":{\"@id\":\"https:\\\/\\\/insightevents.se\\\/gatubelysningsforum\\\/#\\\/schema\\\/person\\\/b988a5292612382bfb32836eca66b90d\"},\"breadcrumb\":{\"@id\":\"https:\\\/\\\/insightevents.se\\\/gatubelysningsforum\\\/2019\\\/05\\\/15\\\/intervju-fyrbenta-vanner-led-och-andra-utmaningar-kopings-kommun\\\/#breadcrumb\"},\"inLanguage\":\"sv-SE\",\"potentialAction\":[{\"@type\":\"ReadAction\",\"target\":[\"https:\\\/\\\/insightevents.se\\\/gatubelysningsforum\\\/2019\\\/05\\\/15\\\/intervju-fyrbenta-vanner-led-och-andra-utmaningar-kopings-kommun\\\/\"]}]},{\"@type\":\"BreadcrumbList\",\"@id\":\"https:\\\/\\\/insightevents.se\\\/gatubelysningsforum\\\/2019\\\/05\\\/15\\\/intervju-fyrbenta-vanner-led-och-andra-utmaningar-kopings-kommun\\\/#breadcrumb\",\"itemListElement\":[{\"@type\":\"ListItem\",\"position\":1,\"name\":\"Home\",\"item\":\"https:\\\/\\\/insightevents.se\\\/gatubelysningsforum\\\/\"},{\"@type\":\"ListItem\",\"position\":2,\"name\":\"Intervju &#8211; Fyrbenta v\u00e4nner, LED och andra utmaningar i K\u00f6pings kommun\"}]},{\"@type\":\"WebSite\",\"@id\":\"https:\\\/\\\/insightevents.se\\\/gatubelysningsforum\\\/#website\",\"url\":\"https:\\\/\\\/insightevents.se\\\/gatubelysningsforum\\\/\",\"name\":\"Gatubelysningsforum\",\"description\":\"Konferens 8-9 september 2016\",\"potentialAction\":[{\"@type\":\"SearchAction\",\"target\":{\"@type\":\"EntryPoint\",\"urlTemplate\":\"https:\\\/\\\/insightevents.se\\\/gatubelysningsforum\\\/?s={search_term_string}\"},\"query-input\":{\"@type\":\"PropertyValueSpecification\",\"valueRequired\":true,\"valueName\":\"search_term_string\"}}],\"inLanguage\":\"sv-SE\"},{\"@type\":\"Person\",\"@id\":\"https:\\\/\\\/insightevents.se\\\/gatubelysningsforum\\\/#\\\/schema\\\/person\\\/b988a5292612382bfb32836eca66b90d\",\"name\":\"Webmaster\",\"image\":{\"@type\":\"ImageObject\",\"inLanguage\":\"sv-SE\",\"@id\":\"https:\\\/\\\/secure.gravatar.com\\\/avatar\\\/1d4fe9198e176b59442a0d34bf3a2daa510b0ef5a486b5f2426c878139f72b99?s=96&d=mm&r=g\",\"url\":\"https:\\\/\\\/secure.gravatar.com\\\/avatar\\\/1d4fe9198e176b59442a0d34bf3a2daa510b0ef5a486b5f2426c878139f72b99?s=96&d=mm&r=g\",\"contentUrl\":\"https:\\\/\\\/secure.gravatar.com\\\/avatar\\\/1d4fe9198e176b59442a0d34bf3a2daa510b0ef5a486b5f2426c878139f72b99?s=96&d=mm&r=g\",\"caption\":\"Webmaster\"},\"url\":\"https:\\\/\\\/insightevents.se\\\/gatubelysningsforum\\\/author\\\/webmaster\\\/\"}]}<\/script>\n<!-- \/ Yoast SEO plugin. -->","yoast_head_json":{"title":"Intervju - Fyrbenta v\u00e4nner, LED och andra utmaningar i K\u00f6pings kommun - Gatubelysningsforum","robots":{"index":"index","follow":"follow","max-snippet":"max-snippet:-1","max-image-preview":"max-image-preview:large","max-video-preview":"max-video-preview:-1"},"canonical":"https:\/\/insightevents.se\/gatubelysningsforum\/2019\/05\/15\/intervju-fyrbenta-vanner-led-och-andra-utmaningar-kopings-kommun\/","og_locale":"sv_SE","og_type":"article","og_title":"Intervju - Fyrbenta v\u00e4nner, LED och andra utmaningar i K\u00f6pings kommun - Gatubelysningsforum","og_description":"Vi har intervjuat Thomas G\u00f6ransson, Belysning och Schaktansvarig K\u00f6pings kommun. Aktuell som deltagare p\u00e5\u00a0 Gatubelysningsforum om n\u00e5gra av branschens utmaningar Du jobbar som belysnings och schaktansvarig p\u00e5 K\u00f6pings kommun, vad inneb\u00e4r det till vardags Thomas? Det inneb\u00e4r att se till att gatubelysningen fungerar inom kommunen, att f\u00f6rnya det som \u00e4r slitet och \u00e4ven ha koll [&hellip;]","og_url":"https:\/\/insightevents.se\/gatubelysningsforum\/2019\/05\/15\/intervju-fyrbenta-vanner-led-och-andra-utmaningar-kopings-kommun\/","og_site_name":"Gatubelysningsforum","article_published_time":"2019-05-15T08:26:34+00:00","article_modified_time":"2022-08-08T12:17:01+00:00","author":"Webmaster","twitter_card":"summary_large_image","twitter_misc":{"Skriven av":"Webmaster","Ber\u00e4knad l\u00e4stid":"3 minuter"},"schema":{"@context":"https:\/\/schema.org","@graph":[{"@type":"Article","@id":"https:\/\/insightevents.se\/gatubelysningsforum\/2019\/05\/15\/intervju-fyrbenta-vanner-led-och-andra-utmaningar-kopings-kommun\/#article","isPartOf":{"@id":"https:\/\/insightevents.se\/gatubelysningsforum\/2019\/05\/15\/intervju-fyrbenta-vanner-led-och-andra-utmaningar-kopings-kommun\/"},"author":{"name":"Webmaster","@id":"https:\/\/insightevents.se\/gatubelysningsforum\/#\/schema\/person\/b988a5292612382bfb32836eca66b90d"},"headline":"Intervju &#8211; Fyrbenta v\u00e4nner, LED och andra utmaningar i K\u00f6pings kommun","datePublished":"2019-05-15T08:26:34+00:00","dateModified":"2022-08-08T12:17:01+00:00","mainEntityOfPage":{"@id":"https:\/\/insightevents.se\/gatubelysningsforum\/2019\/05\/15\/intervju-fyrbenta-vanner-led-och-andra-utmaningar-kopings-kommun\/"},"wordCount":555,"articleSection":["Uncategorized"],"inLanguage":"sv-SE"},{"@type":"WebPage","@id":"https:\/\/insightevents.se\/gatubelysningsforum\/2019\/05\/15\/intervju-fyrbenta-vanner-led-och-andra-utmaningar-kopings-kommun\/","url":"https:\/\/insightevents.se\/gatubelysningsforum\/2019\/05\/15\/intervju-fyrbenta-vanner-led-och-andra-utmaningar-kopings-kommun\/","name":"Intervju - Fyrbenta v\u00e4nner, LED och andra utmaningar i K\u00f6pings kommun - Gatubelysningsforum","isPartOf":{"@id":"https:\/\/insightevents.se\/gatubelysningsforum\/#website"},"datePublished":"2019-05-15T08:26:34+00:00","dateModified":"2022-08-08T12:17:01+00:00","author":{"@id":"https:\/\/insightevents.se\/gatubelysningsforum\/#\/schema\/person\/b988a5292612382bfb32836eca66b90d"},"breadcrumb":{"@id":"https:\/\/insightevents.se\/gatubelysningsforum\/2019\/05\/15\/intervju-fyrbenta-vanner-led-och-andra-utmaningar-kopings-kommun\/#breadcrumb"},"inLanguage":"sv-SE","potentialAction":[{"@type":"ReadAction","target":["https:\/\/insightevents.se\/gatubelysningsforum\/2019\/05\/15\/intervju-fyrbenta-vanner-led-och-andra-utmaningar-kopings-kommun\/"]}]},{"@type":"BreadcrumbList","@id":"https:\/\/insightevents.se\/gatubelysningsforum\/2019\/05\/15\/intervju-fyrbenta-vanner-led-och-andra-utmaningar-kopings-kommun\/#breadcrumb","itemListElement":[{"@type":"ListItem","position":1,"name":"Home","item":"https:\/\/insightevents.se\/gatubelysningsforum\/"},{"@type":"ListItem","position":2,"name":"Intervju &#8211; Fyrbenta v\u00e4nner, LED och andra utmaningar i K\u00f6pings kommun"}]},{"@type":"WebSite","@id":"https:\/\/insightevents.se\/gatubelysningsforum\/#website","url":"https:\/\/insightevents.se\/gatubelysningsforum\/","name":"Gatubelysningsforum","description":"Konferens 8-9 september 2016","potentialAction":[{"@type":"SearchAction","target":{"@type":"EntryPoint","urlTemplate":"https:\/\/insightevents.se\/gatubelysningsforum\/?s={search_term_string}"},"query-input":{"@type":"PropertyValueSpecification","valueRequired":true,"valueName":"search_term_string"}}],"inLanguage":"sv-SE"},{"@type":"Person","@id":"https:\/\/insightevents.se\/gatubelysningsforum\/#\/schema\/person\/b988a5292612382bfb32836eca66b90d","name":"Webmaster","image":{"@type":"ImageObject","inLanguage":"sv-SE","@id":"https:\/\/secure.gravatar.com\/avatar\/1d4fe9198e176b59442a0d34bf3a2daa510b0ef5a486b5f2426c878139f72b99?s=96&d=mm&r=g","url":"https:\/\/secure.gravatar.com\/avatar\/1d4fe9198e176b59442a0d34bf3a2daa510b0ef5a486b5f2426c878139f72b99?s=96&d=mm&r=g","contentUrl":"https:\/\/secure.gravatar.com\/avatar\/1d4fe9198e176b59442a0d34bf3a2daa510b0ef5a486b5f2426c878139f72b99?s=96&d=mm&r=g","caption":"Webmaster"},"url":"https:\/\/insightevents.se\/gatubelysningsforum\/author\/webmaster\/"}]}},"_links":{"self":[{"href":"https:\/\/insightevents.se\/gatubelysningsforum\/wp-json\/wp\/v2\/posts\/617","targetHints":{"allow":["GET"]}}],"collection":[{"href":"https:\/\/insightevents.se\/gatubelysningsforum\/wp-json\/wp\/v2\/posts"}],"about":[{"href":"https:\/\/insightevents.se\/gatubelysningsforum\/wp-json\/wp\/v2\/types\/post"}],"author":[{"embeddable":true,"href":"https:\/\/insightevents.se\/gatubelysningsforum\/wp-json\/wp\/v2\/users\/1"}],"replies":[{"embeddable":true,"href":"https:\/\/insightevents.se\/gatubelysningsforum\/wp-json\/wp\/v2\/comments?post=617"}],"version-history":[{"count":3,"href":"https:\/\/insightevents.se\/gatubelysningsforum\/wp-json\/wp\/v2\/posts\/617\/revisions"}],"predecessor-version":[{"id":620,"href":"https:\/\/insightevents.se\/gatubelysningsforum\/wp-json\/wp\/v2\/posts\/617\/revisions\/620"}],"wp:attachment":[{"href":"https:\/\/insightevents.se\/gatubelysningsforum\/wp-json\/wp\/v2\/media?parent=617"}],"wp:term":[{"taxonomy":"category","embeddable":true,"href":"https:\/\/insightevents.se\/gatubelysningsforum\/wp-json\/wp\/v2\/categories?post=617"},{"taxonomy":"post_tag","embeddable":true,"href":"https:\/\/insightevents.se\/gatubelysningsforum\/wp-json\/wp\/v2\/tags?post=617"}],"curies":[{"name":"wp","href":"https:\/\/api.w.org\/{rel}","templated":true}]}}