{"id":660,"date":"2019-08-06T11:37:57","date_gmt":"2019-08-06T11:37:57","guid":{"rendered":"https:\/\/insightevents.se\/gatubelysningsforum\/?p=660"},"modified":"2022-08-08T12:17:01","modified_gmt":"2022-08-08T12:17:01","slug":"utstallarintervju-jonas-anell-vd-anell-ljus-form-ab","status":"publish","type":"post","link":"https:\/\/insightevents.se\/gatubelysningsforum\/2019\/08\/06\/utstallarintervju-jonas-anell-vd-anell-ljus-form-ab\/","title":{"rendered":"Utst\u00e4llarintervju &#8211; Jonas Annell, vd, Annell Ljus + Form AB"},"content":{"rendered":"<h3>Vi har intervjuat Jonas Annell, vd, Annell Ljus+Form AB. Aktuell som talare och huvudsponsor p\u00e5 Gatubelysningsforum 2019.<\/h3>\n<p><strong>Kan du kortfattat f\u00f6rklara din roll, engagemang och erfarenhet inom Gatubelysningsbranschen?<\/strong><\/p>\n<p>Jag har jobbat med belysning f\u00f6r gator, v\u00e4gar och parker i 15 \u00e5r och leder Annells gatubelysningsgrupp som kallas Annell Stad &amp; Trafik. Hur man planerar och utf\u00f6r h\u00e5llbar belysning f\u00f6r v\u00e5ra v\u00e4gar och i v\u00e5ra st\u00e4der f\u00e5r mycket stora konsekvenser p\u00e5 milj\u00f6, trygghet och s\u00e4kerhet. En annan sak som g\u00f6r belysning f\u00f6r gator och v\u00e4gar aktuell och intressant \u00e4r att en stor del av forskning och utveckling inom ljus, belysning och seende drivs inom detta omr\u00e5de.<\/p>\n<p><strong>Hur skulle du s\u00e4ga att gatubelysningsindustrin\/marknaden i Sverige har utvecklats under de senaste 5 \u00e5ren?<\/strong><\/p>\n<p>Intressant fr\u00e5ga. Det har skett flera olika saker parallellt. LED har g\u00e5tt fr\u00e5n att vara en ljusk\u00e4lla bland andra till att vara \u201dden enda\u201d ljusk\u00e4llan f\u00f6r b\u00e5de m\u00e4nniska och milj\u00f6. Effektiviteten har \u00f6kat kraftigt, priserna har g\u00e5tt ner och kundernas intresse f\u00f6r ljuskomfort har \u00f6kat. I takt med att effektiviteten blivit s\u00e5 h\u00f6g s\u00e5 har man numera \u201dr\u00e5d\u201d att med gott samvete offra lite av den f\u00f6r att h\u00f6ja ljuskomforten \u2013 och med det skapa en tryggare och s\u00e4krare ljusmilj\u00f6. En parallell utveckling har varit \u00f6kade m\u00f6jligheter att addera nya funktioner och vi har i och med det b\u00f6rjat testa smarta armaturer.<\/p>\n<p><strong>Din f\u00f6rel\u00e4sning p\u00e5 konferensen kommer att behandla trivsel och ljuskomfort, varf\u00f6r \u00e4r det aktuellt?<\/strong><\/p>\n<p>N\u00e4r man \u00e4ndrar tankes\u00e4ttet fr\u00e5n att \u201dvi m\u00e5ste s\u00e4tta upp en lampa h\u00e4r\u201d till att \u201dh\u00e4r skall vi skapa en milj\u00f6 d\u00e4r man b\u00e5de ser bra och d\u00e4r man trivs och k\u00e4nner sig trygg\u201d s\u00e5 f\u00e5r l\u00f6sningens kvalitativa aspekter sin r\u00e4ttm\u00e4tiga vikt \u2013 ljuskomforten exempelvis. En \u201deffektivitetsbomb\u201d p\u00e5 fel st\u00e4lle kan motverka sitt syfte och kan paradoxalt nog skapa otrygghet, en oattraktiv vistelsemilj\u00f6 och i v\u00e4rsta fall f\u00f6rs\u00e4mra synbarhet och trafiks\u00e4kerhet. Att jobba mer kvalitativt kostar marginellt mer men g\u00f6r anl\u00e4ggningen s\u00e5 mycket b\u00e4ttre. Inom detta omr\u00e5de finns kompetensbrist hos vissa best\u00e4llare och beslutsfattare.<\/p>\n<p><strong>Slutligen, vad tror du kommer vara n\u00e4sta steg eller m\u00f6jlighet inom gatubelysningsarbetet i Sverige?<\/strong><\/p>\n<p>Armaturerna integreras i stora system d\u00e4r man kan styra ljuset \u2013 behovsanpassning \u2013 p\u00e5 ett helt annat s\u00e4tt i dag. Armaturerna blir ocks\u00e5 b\u00e4rare av funktioner som inte har med belysning att g\u00f6ra och belysningsanl\u00e4ggningarna blir en \u00e4nnu v\u00e4rdefullare tillg\u00e5ng i skapandet av milj\u00f6smarta och attraktiva st\u00e4der.<\/p>\n<p>Mer fr\u00e5n Jonas h\u00f6r du p\u00e5 plats under <strong>Gatubelysningsforum &#8211; dag 2 kl. 10:50<\/strong>. Passa \u00e4ven p\u00e5 att forts\u00e4tta diskussionen med Annell genom att bes\u00f6ka deras monter p\u00e5 plats.<\/p>\n","protected":false},"excerpt":{"rendered":"<p>Vi har intervjuat Jonas Annell, vd, Annell Ljus+Form AB. Aktuell som talare och huvudsponsor p\u00e5 Gatubelysningsforum 2019. Kan du kortfattat f\u00f6rklara din roll, engagemang och erfarenhet inom Gatubelysningsbranschen? Jag har jobbat med belysning f\u00f6r gator, v\u00e4gar och parker i 15 \u00e5r och leder Annells gatubelysningsgrupp som kallas Annell Stad &amp; Trafik. Hur man planerar och [&hellip;]<\/p>\n","protected":false},"author":1,"featured_media":0,"comment_status":"closed","ping_status":"open","sticky":false,"template":"","format":"standard","meta":{"_acf_changed":false,"footnotes":""},"categories":[1],"tags":[],"class_list":["post-660","post","type-post","status-publish","format-standard","hentry","category-uncategorized"],"acf":[],"yoast_head":"<!-- This site is optimized with the Yoast SEO plugin v27.3 - https:\/\/yoast.com\/product\/yoast-seo-wordpress\/ -->\n<title>Utst\u00e4llarintervju - Jonas Annell, vd, Annell Ljus + Form AB - Gatubelysningsforum<\/title>\n<meta name=\"robots\" content=\"index, follow, max-snippet:-1, max-image-preview:large, max-video-preview:-1\" \/>\n<link rel=\"canonical\" href=\"https:\/\/insightevents.se\/gatubelysningsforum\/2019\/08\/06\/utstallarintervju-jonas-anell-vd-anell-ljus-form-ab\/\" \/>\n<meta property=\"og:locale\" content=\"sv_SE\" \/>\n<meta property=\"og:type\" content=\"article\" \/>\n<meta property=\"og:title\" content=\"Utst\u00e4llarintervju - Jonas Annell, vd, Annell Ljus + Form AB - Gatubelysningsforum\" \/>\n<meta property=\"og:description\" content=\"Vi har intervjuat Jonas Annell, vd, Annell Ljus+Form AB. Aktuell som talare och huvudsponsor p\u00e5 Gatubelysningsforum 2019. Kan du kortfattat f\u00f6rklara din roll, engagemang och erfarenhet inom Gatubelysningsbranschen? Jag har jobbat med belysning f\u00f6r gator, v\u00e4gar och parker i 15 \u00e5r och leder Annells gatubelysningsgrupp som kallas Annell Stad &amp; Trafik. Hur man planerar och [&hellip;]\" \/>\n<meta property=\"og:url\" content=\"https:\/\/insightevents.se\/gatubelysningsforum\/2019\/08\/06\/utstallarintervju-jonas-anell-vd-anell-ljus-form-ab\/\" \/>\n<meta property=\"og:site_name\" content=\"Gatubelysningsforum\" \/>\n<meta property=\"article:published_time\" content=\"2019-08-06T11:37:57+00:00\" \/>\n<meta property=\"article:modified_time\" content=\"2022-08-08T12:17:01+00:00\" \/>\n<meta name=\"author\" content=\"Webmaster\" \/>\n<meta name=\"twitter:card\" content=\"summary_large_image\" \/>\n<meta name=\"twitter:label1\" content=\"Skriven av\" \/>\n\t<meta name=\"twitter:data1\" content=\"Webmaster\" \/>\n\t<meta name=\"twitter:label2\" content=\"Ber\u00e4knad l\u00e4stid\" \/>\n\t<meta name=\"twitter:data2\" content=\"2 minuter\" \/>\n<script type=\"application\/ld+json\" class=\"yoast-schema-graph\">{\"@context\":\"https:\\\/\\\/schema.org\",\"@graph\":[{\"@type\":\"Article\",\"@id\":\"https:\\\/\\\/insightevents.se\\\/gatubelysningsforum\\\/2019\\\/08\\\/06\\\/utstallarintervju-jonas-anell-vd-anell-ljus-form-ab\\\/#article\",\"isPartOf\":{\"@id\":\"https:\\\/\\\/insightevents.se\\\/gatubelysningsforum\\\/2019\\\/08\\\/06\\\/utstallarintervju-jonas-anell-vd-anell-ljus-form-ab\\\/\"},\"author\":{\"name\":\"Webmaster\",\"@id\":\"https:\\\/\\\/insightevents.se\\\/gatubelysningsforum\\\/#\\\/schema\\\/person\\\/b988a5292612382bfb32836eca66b90d\"},\"headline\":\"Utst\u00e4llarintervju &#8211; Jonas Annell, vd, Annell Ljus + Form AB\",\"datePublished\":\"2019-08-06T11:37:57+00:00\",\"dateModified\":\"2022-08-08T12:17:01+00:00\",\"mainEntityOfPage\":{\"@id\":\"https:\\\/\\\/insightevents.se\\\/gatubelysningsforum\\\/2019\\\/08\\\/06\\\/utstallarintervju-jonas-anell-vd-anell-ljus-form-ab\\\/\"},\"wordCount\":500,\"articleSection\":[\"Uncategorized\"],\"inLanguage\":\"sv-SE\"},{\"@type\":\"WebPage\",\"@id\":\"https:\\\/\\\/insightevents.se\\\/gatubelysningsforum\\\/2019\\\/08\\\/06\\\/utstallarintervju-jonas-anell-vd-anell-ljus-form-ab\\\/\",\"url\":\"https:\\\/\\\/insightevents.se\\\/gatubelysningsforum\\\/2019\\\/08\\\/06\\\/utstallarintervju-jonas-anell-vd-anell-ljus-form-ab\\\/\",\"name\":\"Utst\u00e4llarintervju - Jonas Annell, vd, Annell Ljus + Form AB - Gatubelysningsforum\",\"isPartOf\":{\"@id\":\"https:\\\/\\\/insightevents.se\\\/gatubelysningsforum\\\/#website\"},\"datePublished\":\"2019-08-06T11:37:57+00:00\",\"dateModified\":\"2022-08-08T12:17:01+00:00\",\"author\":{\"@id\":\"https:\\\/\\\/insightevents.se\\\/gatubelysningsforum\\\/#\\\/schema\\\/person\\\/b988a5292612382bfb32836eca66b90d\"},\"breadcrumb\":{\"@id\":\"https:\\\/\\\/insightevents.se\\\/gatubelysningsforum\\\/2019\\\/08\\\/06\\\/utstallarintervju-jonas-anell-vd-anell-ljus-form-ab\\\/#breadcrumb\"},\"inLanguage\":\"sv-SE\",\"potentialAction\":[{\"@type\":\"ReadAction\",\"target\":[\"https:\\\/\\\/insightevents.se\\\/gatubelysningsforum\\\/2019\\\/08\\\/06\\\/utstallarintervju-jonas-anell-vd-anell-ljus-form-ab\\\/\"]}]},{\"@type\":\"BreadcrumbList\",\"@id\":\"https:\\\/\\\/insightevents.se\\\/gatubelysningsforum\\\/2019\\\/08\\\/06\\\/utstallarintervju-jonas-anell-vd-anell-ljus-form-ab\\\/#breadcrumb\",\"itemListElement\":[{\"@type\":\"ListItem\",\"position\":1,\"name\":\"Home\",\"item\":\"https:\\\/\\\/insightevents.se\\\/gatubelysningsforum\\\/\"},{\"@type\":\"ListItem\",\"position\":2,\"name\":\"Utst\u00e4llarintervju &#8211; Jonas Annell, vd, Annell Ljus + Form AB\"}]},{\"@type\":\"WebSite\",\"@id\":\"https:\\\/\\\/insightevents.se\\\/gatubelysningsforum\\\/#website\",\"url\":\"https:\\\/\\\/insightevents.se\\\/gatubelysningsforum\\\/\",\"name\":\"Gatubelysningsforum\",\"description\":\"Konferens 8-9 september 2016\",\"potentialAction\":[{\"@type\":\"SearchAction\",\"target\":{\"@type\":\"EntryPoint\",\"urlTemplate\":\"https:\\\/\\\/insightevents.se\\\/gatubelysningsforum\\\/?s={search_term_string}\"},\"query-input\":{\"@type\":\"PropertyValueSpecification\",\"valueRequired\":true,\"valueName\":\"search_term_string\"}}],\"inLanguage\":\"sv-SE\"},{\"@type\":\"Person\",\"@id\":\"https:\\\/\\\/insightevents.se\\\/gatubelysningsforum\\\/#\\\/schema\\\/person\\\/b988a5292612382bfb32836eca66b90d\",\"name\":\"Webmaster\",\"image\":{\"@type\":\"ImageObject\",\"inLanguage\":\"sv-SE\",\"@id\":\"https:\\\/\\\/secure.gravatar.com\\\/avatar\\\/1d4fe9198e176b59442a0d34bf3a2daa510b0ef5a486b5f2426c878139f72b99?s=96&d=mm&r=g\",\"url\":\"https:\\\/\\\/secure.gravatar.com\\\/avatar\\\/1d4fe9198e176b59442a0d34bf3a2daa510b0ef5a486b5f2426c878139f72b99?s=96&d=mm&r=g\",\"contentUrl\":\"https:\\\/\\\/secure.gravatar.com\\\/avatar\\\/1d4fe9198e176b59442a0d34bf3a2daa510b0ef5a486b5f2426c878139f72b99?s=96&d=mm&r=g\",\"caption\":\"Webmaster\"},\"url\":\"https:\\\/\\\/insightevents.se\\\/gatubelysningsforum\\\/author\\\/webmaster\\\/\"}]}<\/script>\n<!-- \/ Yoast SEO plugin. -->","yoast_head_json":{"title":"Utst\u00e4llarintervju - Jonas Annell, vd, Annell Ljus + Form AB - Gatubelysningsforum","robots":{"index":"index","follow":"follow","max-snippet":"max-snippet:-1","max-image-preview":"max-image-preview:large","max-video-preview":"max-video-preview:-1"},"canonical":"https:\/\/insightevents.se\/gatubelysningsforum\/2019\/08\/06\/utstallarintervju-jonas-anell-vd-anell-ljus-form-ab\/","og_locale":"sv_SE","og_type":"article","og_title":"Utst\u00e4llarintervju - Jonas Annell, vd, Annell Ljus + Form AB - Gatubelysningsforum","og_description":"Vi har intervjuat Jonas Annell, vd, Annell Ljus+Form AB. Aktuell som talare och huvudsponsor p\u00e5 Gatubelysningsforum 2019. Kan du kortfattat f\u00f6rklara din roll, engagemang och erfarenhet inom Gatubelysningsbranschen? Jag har jobbat med belysning f\u00f6r gator, v\u00e4gar och parker i 15 \u00e5r och leder Annells gatubelysningsgrupp som kallas Annell Stad &amp; Trafik. Hur man planerar och [&hellip;]","og_url":"https:\/\/insightevents.se\/gatubelysningsforum\/2019\/08\/06\/utstallarintervju-jonas-anell-vd-anell-ljus-form-ab\/","og_site_name":"Gatubelysningsforum","article_published_time":"2019-08-06T11:37:57+00:00","article_modified_time":"2022-08-08T12:17:01+00:00","author":"Webmaster","twitter_card":"summary_large_image","twitter_misc":{"Skriven av":"Webmaster","Ber\u00e4knad l\u00e4stid":"2 minuter"},"schema":{"@context":"https:\/\/schema.org","@graph":[{"@type":"Article","@id":"https:\/\/insightevents.se\/gatubelysningsforum\/2019\/08\/06\/utstallarintervju-jonas-anell-vd-anell-ljus-form-ab\/#article","isPartOf":{"@id":"https:\/\/insightevents.se\/gatubelysningsforum\/2019\/08\/06\/utstallarintervju-jonas-anell-vd-anell-ljus-form-ab\/"},"author":{"name":"Webmaster","@id":"https:\/\/insightevents.se\/gatubelysningsforum\/#\/schema\/person\/b988a5292612382bfb32836eca66b90d"},"headline":"Utst\u00e4llarintervju &#8211; Jonas Annell, vd, Annell Ljus + Form AB","datePublished":"2019-08-06T11:37:57+00:00","dateModified":"2022-08-08T12:17:01+00:00","mainEntityOfPage":{"@id":"https:\/\/insightevents.se\/gatubelysningsforum\/2019\/08\/06\/utstallarintervju-jonas-anell-vd-anell-ljus-form-ab\/"},"wordCount":500,"articleSection":["Uncategorized"],"inLanguage":"sv-SE"},{"@type":"WebPage","@id":"https:\/\/insightevents.se\/gatubelysningsforum\/2019\/08\/06\/utstallarintervju-jonas-anell-vd-anell-ljus-form-ab\/","url":"https:\/\/insightevents.se\/gatubelysningsforum\/2019\/08\/06\/utstallarintervju-jonas-anell-vd-anell-ljus-form-ab\/","name":"Utst\u00e4llarintervju - Jonas Annell, vd, Annell Ljus + Form AB - Gatubelysningsforum","isPartOf":{"@id":"https:\/\/insightevents.se\/gatubelysningsforum\/#website"},"datePublished":"2019-08-06T11:37:57+00:00","dateModified":"2022-08-08T12:17:01+00:00","author":{"@id":"https:\/\/insightevents.se\/gatubelysningsforum\/#\/schema\/person\/b988a5292612382bfb32836eca66b90d"},"breadcrumb":{"@id":"https:\/\/insightevents.se\/gatubelysningsforum\/2019\/08\/06\/utstallarintervju-jonas-anell-vd-anell-ljus-form-ab\/#breadcrumb"},"inLanguage":"sv-SE","potentialAction":[{"@type":"ReadAction","target":["https:\/\/insightevents.se\/gatubelysningsforum\/2019\/08\/06\/utstallarintervju-jonas-anell-vd-anell-ljus-form-ab\/"]}]},{"@type":"BreadcrumbList","@id":"https:\/\/insightevents.se\/gatubelysningsforum\/2019\/08\/06\/utstallarintervju-jonas-anell-vd-anell-ljus-form-ab\/#breadcrumb","itemListElement":[{"@type":"ListItem","position":1,"name":"Home","item":"https:\/\/insightevents.se\/gatubelysningsforum\/"},{"@type":"ListItem","position":2,"name":"Utst\u00e4llarintervju &#8211; Jonas Annell, vd, Annell Ljus + Form AB"}]},{"@type":"WebSite","@id":"https:\/\/insightevents.se\/gatubelysningsforum\/#website","url":"https:\/\/insightevents.se\/gatubelysningsforum\/","name":"Gatubelysningsforum","description":"Konferens 8-9 september 2016","potentialAction":[{"@type":"SearchAction","target":{"@type":"EntryPoint","urlTemplate":"https:\/\/insightevents.se\/gatubelysningsforum\/?s={search_term_string}"},"query-input":{"@type":"PropertyValueSpecification","valueRequired":true,"valueName":"search_term_string"}}],"inLanguage":"sv-SE"},{"@type":"Person","@id":"https:\/\/insightevents.se\/gatubelysningsforum\/#\/schema\/person\/b988a5292612382bfb32836eca66b90d","name":"Webmaster","image":{"@type":"ImageObject","inLanguage":"sv-SE","@id":"https:\/\/secure.gravatar.com\/avatar\/1d4fe9198e176b59442a0d34bf3a2daa510b0ef5a486b5f2426c878139f72b99?s=96&d=mm&r=g","url":"https:\/\/secure.gravatar.com\/avatar\/1d4fe9198e176b59442a0d34bf3a2daa510b0ef5a486b5f2426c878139f72b99?s=96&d=mm&r=g","contentUrl":"https:\/\/secure.gravatar.com\/avatar\/1d4fe9198e176b59442a0d34bf3a2daa510b0ef5a486b5f2426c878139f72b99?s=96&d=mm&r=g","caption":"Webmaster"},"url":"https:\/\/insightevents.se\/gatubelysningsforum\/author\/webmaster\/"}]}},"_links":{"self":[{"href":"https:\/\/insightevents.se\/gatubelysningsforum\/wp-json\/wp\/v2\/posts\/660","targetHints":{"allow":["GET"]}}],"collection":[{"href":"https:\/\/insightevents.se\/gatubelysningsforum\/wp-json\/wp\/v2\/posts"}],"about":[{"href":"https:\/\/insightevents.se\/gatubelysningsforum\/wp-json\/wp\/v2\/types\/post"}],"author":[{"embeddable":true,"href":"https:\/\/insightevents.se\/gatubelysningsforum\/wp-json\/wp\/v2\/users\/1"}],"replies":[{"embeddable":true,"href":"https:\/\/insightevents.se\/gatubelysningsforum\/wp-json\/wp\/v2\/comments?post=660"}],"version-history":[{"count":4,"href":"https:\/\/insightevents.se\/gatubelysningsforum\/wp-json\/wp\/v2\/posts\/660\/revisions"}],"predecessor-version":[{"id":669,"href":"https:\/\/insightevents.se\/gatubelysningsforum\/wp-json\/wp\/v2\/posts\/660\/revisions\/669"}],"wp:attachment":[{"href":"https:\/\/insightevents.se\/gatubelysningsforum\/wp-json\/wp\/v2\/media?parent=660"}],"wp:term":[{"taxonomy":"category","embeddable":true,"href":"https:\/\/insightevents.se\/gatubelysningsforum\/wp-json\/wp\/v2\/categories?post=660"},{"taxonomy":"post_tag","embeddable":true,"href":"https:\/\/insightevents.se\/gatubelysningsforum\/wp-json\/wp\/v2\/tags?post=660"}],"curies":[{"name":"wp","href":"https:\/\/api.w.org\/{rel}","templated":true}]}}