{"id":679,"date":"2019-08-22T12:43:46","date_gmt":"2019-08-22T12:43:46","guid":{"rendered":"https:\/\/insightevents.se\/gatubelysningsforum\/?p=679"},"modified":"2022-08-08T12:17:01","modified_gmt":"2022-08-08T12:17:01","slug":"intervju-med-liang-liem-capeon","status":"publish","type":"post","link":"https:\/\/insightevents.se\/gatubelysningsforum\/2019\/08\/22\/intervju-med-liang-liem-capeon\/","title":{"rendered":"Intervju med Liang Liem, Capelon"},"content":{"rendered":"<h2>Vi fick chansen att st\u00e4lla fr\u00e5gor till Liang Liem fr\u00e5n Capelon. I intervjun nedan kan du l\u00e4sa Liangs tankar kring Smart Cities, kommande utmaningar i branschen samt hans b\u00e4sta tips p\u00e5 hur man lyckas med smart teknik i sitt belysningsarbete. <u><br \/>\n<\/u><\/h2>\n<p><strong>Kan du kortfattat f\u00f6rklara din roll\/bakgrund i Capelon?<br \/>\n<\/strong><\/p>\n<p>Jo, jag grundade Capelon 1996 och har sedan dess arbetat som VD. Min roll har varierat men de senaste \u00e5ren har fokus varit p\u00e5 aff\u00e4rsutveckling.<\/p>\n<p><strong>Din f\u00f6rel\u00e4sning \u00e4r titulerad till: <em>Smart City IoT plattform<\/em>. Vilket \u00e4r passande i och med att branschen i stort g\u00e5r mot en mer uppkopplad\/smart och integrerad datorisering. Vad kr\u00e4vs av organisationer, enligt dig, f\u00f6r att lyckas i denna utveckling?<\/strong><\/p>\n<p>Det kr\u00e4vs att veta vad man vill. \u00c4r man mest orolig att missa t\u00e5get s\u00e5 \u00e4r det l\u00e4tt att hoppa p\u00e5 fel t\u00e5g och hamna p\u00e5 ett sidosp\u00e5r. \u00c4r m\u00e5let att implementera en smart l\u00f6sning f\u00f6r en viss funktion s\u00e5 fokuserar man p\u00e5 att f\u00e5 till att just det blir bra. I detta fall \u00e4r det applikationen som \u00e4r viktigast, men man b\u00f6r se till att det finns ett API s\u00e5 att applikationen kan integreras mot andra tj\u00e4nster eller IoT-plattformar.<\/p>\n<p>\u00c4r m\u00e5let att ha en central IoT plattform f\u00f6r att samla in och tillg\u00e4ngligg\u00f6ra data fr\u00e5n olika typer av IoT-enheter och system till olika akt\u00f6rer och tj\u00e4nster, s\u00e5 b\u00f6r man f\u00e5 med alla p\u00e5 t\u00e5get och ta fram en gemensam strategi. Det g\u00e4ller att hamna r\u00e4tt s\u00e5 man fr\u00e4mjar innovation och samarbeten och inte f\u00f6rsv\u00e5rar med f\u00f6r specifika centrala krav.<\/p>\n<p><strong>Vilka utmaningar tror du att branschen kommer st\u00f6ta p\u00e5 i samband med att vi g\u00e5r mot detta mer uppkopplade\/smartare samh\u00e4llet? <\/strong><\/p>\n<p>Det finns m\u00e5nga utmaningar som kan diskuteras om, till exempel s\u00e4kerhet och \u00f6ppenhet.<\/p>\n<p>Eftersom jag skulle vara kortfattad s\u00e5 s\u00e4ger jag att en utmaning \u00e4r att f\u00e5 det uppkopplade att bli smart.\u00a0 F\u00f6r att f\u00e5 s\u00e5 stor nytta som m\u00f6jligt s\u00e5 b\u00f6r staden p\u00e5 olika s\u00e4tt fr\u00e4mja innovation och engagemang. Staden b\u00f6r bli en \u201denabler\u201d av smarta l\u00f6sningar och tj\u00e4nster.<\/p>\n<p><strong>Har du n\u00e5gra tips f\u00f6r de organisationer som planerar att genomg\u00e5 ett st\u00f6rre arbete med att inf\u00f6ra smart teknik i deras belysningsarbete?<\/strong><\/p>\n<p>Ja, de skulle kunna vara att inte gl\u00f6mma bort huvudsyftet, dvs r\u00e4tt ljus p\u00e5 gatan anpassat efter situation. Capelon har levererat uppkopplad belysning sedan 2007 och vi vet att det finns s\u00e5 stora m\u00f6jligheter f\u00f6r energibesparing och driftseffektivisering om det g\u00f6rs p\u00e5 r\u00e4tt s\u00e4tt.<\/p>\n<p>Om den smarta tekniken \u00e4r f\u00f6r dyr s\u00e5 kommer man inte kunna ha den \u00f6verallt. Man f\u00e5r d\u00e5 smarta \u00f6ar medan stora omr\u00e5den inte \u00e4r uppkopplade. Ju mer helt\u00e4ckande man har det med uppkopplad belysning desto enklare blir det att verkligen utnyttja m\u00f6jligheterna med smart drift och effektivisering.<\/p>\n<p>S\u00e5 jag anser att den uppkopplade belysningspunkten ska vara kostnadseffektiv s\u00e5 kommunen har r\u00e5d till en bred utrullning. \u00a0S\u00e5 fokusera p\u00e5 att hantera belysningsfunktionen och inte belasta med annan smart teknik bara f\u00f6r att det g\u00e5r.<\/p>\n<p>Men i och med att belysningspunkter blir uppkopplade s\u00e5 finns ju m\u00f6jligheten att med r\u00e4tt kommunikationsteknik samtidigt skapa n\u00e4tverk som kan anv\u00e4ndas f\u00f6r smarta funktioner inom dels belysningsapplikationen men ocks\u00e5 f\u00f6r att koppla upp andra typer av sensorer, t.ex. f\u00f6r papperskorgar och parkering. P\u00e5 detta s\u00e4tt skapar kommunen goda f\u00f6ruts\u00e4ttningar f\u00f6r innovation och partnerskap som kan bidra till smarta l\u00f6sningar f\u00f6r kommunen. S\u00e5 valet av kommunikationsteknik b\u00f6r t\u00e4nkas p\u00e5, och en teknik som fr\u00e4mjar detta \u00e4r de-centraliserad mesh-teknik. F\u00f6r belysningspunkter som endast har direkt uppkoppling till molnet s\u00e5 blir det sv\u00e5rare att uppn\u00e5 denna f\u00f6rdel.<\/p>\n<p>En annan sak att t\u00e4nka p\u00e5 om belysningsn\u00e4tet \u00e4ven skall vara en infrastruktur f\u00f6r annan teknik, eller str\u00f6mf\u00f6rs\u00f6rja annan utrustning, \u00e4r att det d\u00e5 \u00e4r troligt att belysningsn\u00e4tet beh\u00f6ver vara sp\u00e4nningssatt hela dygnet. Det \u00e4r inte praxis i Sverige och kan ta tid att f\u00e5 till, men det \u00e4r n\u00f6dv\u00e4ndigt att planera f\u00f6r det.<\/p>\n<p>En stad ska kunna ha olika leverant\u00f6rer av belysningssystem s\u00e5 det b\u00f6r t\u00e4nkas p\u00e5 att vid n\u00e5gon niv\u00e5 i kedjan b\u00f6r belysningsdata harmoniseras s\u00e5 att det kan anv\u00e4ndas av olika datatj\u00e4nster utan de ska beh\u00f6va hanteras av en massa olika API:er eller specifik \u00f6vers\u00e4ttningskod.<\/p>\n<p><strong>\u00c4r du nyfiken p\u00e5 n\u00e5got annat talar\u00e4mne p\u00e5 Gatubelysningsforum?<\/strong><\/p>\n<p>Jag tyckte nog det mesta verkade intressant detta \u00e5r.<\/p>\n<p><em>Forts\u00e4tt g\u00e4rna diskussionen med Capelon och Liem p\u00e5 plats. Liangs f\u00f6rel\u00e4sning \u201dSmart City IoT plattform\u201d startar kl. 11:50 Dag 1. \u00a0Du har ocks\u00e5 m\u00f6jlighet att tr\u00e4ffa Capelon vid deras utst\u00e4llningsmonter. \u00a0<\/em><\/p>\n","protected":false},"excerpt":{"rendered":"<p>Vi fick chansen att st\u00e4lla fr\u00e5gor till Liang Liem fr\u00e5n Capelon. I intervjun nedan kan du l\u00e4sa Liangs tankar kring Smart Cities, kommande utmaningar i branschen samt hans b\u00e4sta tips p\u00e5 hur man lyckas med smart teknik i sitt belysningsarbete. Kan du kortfattat f\u00f6rklara din roll\/bakgrund i Capelon? Jo, jag grundade Capelon 1996 och har [&hellip;]<\/p>\n","protected":false},"author":1,"featured_media":0,"comment_status":"closed","ping_status":"open","sticky":false,"template":"","format":"standard","meta":{"_acf_changed":false,"footnotes":""},"categories":[1],"tags":[],"class_list":["post-679","post","type-post","status-publish","format-standard","hentry","category-uncategorized"],"acf":[],"yoast_head":"<!-- This site is optimized with the Yoast SEO plugin v27.3 - https:\/\/yoast.com\/product\/yoast-seo-wordpress\/ -->\n<title>Intervju med Liang Liem, Capelon - Gatubelysningsforum<\/title>\n<meta name=\"description\" content=\"Vi fick chansen att st\u00e4lla fr\u00e5gor till Liang Liem fr\u00e5n Capelon.\" \/>\n<meta name=\"robots\" content=\"index, follow, max-snippet:-1, max-image-preview:large, max-video-preview:-1\" \/>\n<link rel=\"canonical\" href=\"https:\/\/insightevents.se\/gatubelysningsforum\/2019\/08\/22\/intervju-med-liang-liem-capeon\/\" \/>\n<meta property=\"og:locale\" content=\"sv_SE\" \/>\n<meta property=\"og:type\" content=\"article\" \/>\n<meta property=\"og:title\" content=\"Intervju med Liang Liem, Capelon - Gatubelysningsforum\" \/>\n<meta property=\"og:description\" content=\"Vi fick chansen att st\u00e4lla fr\u00e5gor till Liang Liem fr\u00e5n Capelon.\" \/>\n<meta property=\"og:url\" content=\"https:\/\/insightevents.se\/gatubelysningsforum\/2019\/08\/22\/intervju-med-liang-liem-capeon\/\" \/>\n<meta property=\"og:site_name\" content=\"Gatubelysningsforum\" \/>\n<meta property=\"article:published_time\" content=\"2019-08-22T12:43:46+00:00\" \/>\n<meta property=\"article:modified_time\" content=\"2022-08-08T12:17:01+00:00\" \/>\n<meta name=\"author\" content=\"Webmaster\" \/>\n<meta name=\"twitter:card\" content=\"summary_large_image\" \/>\n<meta name=\"twitter:label1\" content=\"Skriven av\" \/>\n\t<meta name=\"twitter:data1\" content=\"Webmaster\" \/>\n\t<meta name=\"twitter:label2\" content=\"Ber\u00e4knad l\u00e4stid\" \/>\n\t<meta name=\"twitter:data2\" content=\"4 minuter\" \/>\n<script type=\"application\/ld+json\" class=\"yoast-schema-graph\">{\"@context\":\"https:\\\/\\\/schema.org\",\"@graph\":[{\"@type\":\"Article\",\"@id\":\"https:\\\/\\\/insightevents.se\\\/gatubelysningsforum\\\/2019\\\/08\\\/22\\\/intervju-med-liang-liem-capeon\\\/#article\",\"isPartOf\":{\"@id\":\"https:\\\/\\\/insightevents.se\\\/gatubelysningsforum\\\/2019\\\/08\\\/22\\\/intervju-med-liang-liem-capeon\\\/\"},\"author\":{\"name\":\"Webmaster\",\"@id\":\"https:\\\/\\\/insightevents.se\\\/gatubelysningsforum\\\/#\\\/schema\\\/person\\\/b988a5292612382bfb32836eca66b90d\"},\"headline\":\"Intervju med Liang Liem, Capelon\",\"datePublished\":\"2019-08-22T12:43:46+00:00\",\"dateModified\":\"2022-08-08T12:17:01+00:00\",\"mainEntityOfPage\":{\"@id\":\"https:\\\/\\\/insightevents.se\\\/gatubelysningsforum\\\/2019\\\/08\\\/22\\\/intervju-med-liang-liem-capeon\\\/\"},\"wordCount\":848,\"articleSection\":[\"Uncategorized\"],\"inLanguage\":\"sv-SE\"},{\"@type\":\"WebPage\",\"@id\":\"https:\\\/\\\/insightevents.se\\\/gatubelysningsforum\\\/2019\\\/08\\\/22\\\/intervju-med-liang-liem-capeon\\\/\",\"url\":\"https:\\\/\\\/insightevents.se\\\/gatubelysningsforum\\\/2019\\\/08\\\/22\\\/intervju-med-liang-liem-capeon\\\/\",\"name\":\"Intervju med Liang Liem, Capelon - Gatubelysningsforum\",\"isPartOf\":{\"@id\":\"https:\\\/\\\/insightevents.se\\\/gatubelysningsforum\\\/#website\"},\"datePublished\":\"2019-08-22T12:43:46+00:00\",\"dateModified\":\"2022-08-08T12:17:01+00:00\",\"author\":{\"@id\":\"https:\\\/\\\/insightevents.se\\\/gatubelysningsforum\\\/#\\\/schema\\\/person\\\/b988a5292612382bfb32836eca66b90d\"},\"description\":\"Vi fick chansen att st\u00e4lla fr\u00e5gor till Liang Liem fr\u00e5n Capelon.\",\"breadcrumb\":{\"@id\":\"https:\\\/\\\/insightevents.se\\\/gatubelysningsforum\\\/2019\\\/08\\\/22\\\/intervju-med-liang-liem-capeon\\\/#breadcrumb\"},\"inLanguage\":\"sv-SE\",\"potentialAction\":[{\"@type\":\"ReadAction\",\"target\":[\"https:\\\/\\\/insightevents.se\\\/gatubelysningsforum\\\/2019\\\/08\\\/22\\\/intervju-med-liang-liem-capeon\\\/\"]}]},{\"@type\":\"BreadcrumbList\",\"@id\":\"https:\\\/\\\/insightevents.se\\\/gatubelysningsforum\\\/2019\\\/08\\\/22\\\/intervju-med-liang-liem-capeon\\\/#breadcrumb\",\"itemListElement\":[{\"@type\":\"ListItem\",\"position\":1,\"name\":\"Home\",\"item\":\"https:\\\/\\\/insightevents.se\\\/gatubelysningsforum\\\/\"},{\"@type\":\"ListItem\",\"position\":2,\"name\":\"Intervju med Liang Liem, Capelon\"}]},{\"@type\":\"WebSite\",\"@id\":\"https:\\\/\\\/insightevents.se\\\/gatubelysningsforum\\\/#website\",\"url\":\"https:\\\/\\\/insightevents.se\\\/gatubelysningsforum\\\/\",\"name\":\"Gatubelysningsforum\",\"description\":\"Konferens 8-9 september 2016\",\"potentialAction\":[{\"@type\":\"SearchAction\",\"target\":{\"@type\":\"EntryPoint\",\"urlTemplate\":\"https:\\\/\\\/insightevents.se\\\/gatubelysningsforum\\\/?s={search_term_string}\"},\"query-input\":{\"@type\":\"PropertyValueSpecification\",\"valueRequired\":true,\"valueName\":\"search_term_string\"}}],\"inLanguage\":\"sv-SE\"},{\"@type\":\"Person\",\"@id\":\"https:\\\/\\\/insightevents.se\\\/gatubelysningsforum\\\/#\\\/schema\\\/person\\\/b988a5292612382bfb32836eca66b90d\",\"name\":\"Webmaster\",\"image\":{\"@type\":\"ImageObject\",\"inLanguage\":\"sv-SE\",\"@id\":\"https:\\\/\\\/secure.gravatar.com\\\/avatar\\\/1d4fe9198e176b59442a0d34bf3a2daa510b0ef5a486b5f2426c878139f72b99?s=96&d=mm&r=g\",\"url\":\"https:\\\/\\\/secure.gravatar.com\\\/avatar\\\/1d4fe9198e176b59442a0d34bf3a2daa510b0ef5a486b5f2426c878139f72b99?s=96&d=mm&r=g\",\"contentUrl\":\"https:\\\/\\\/secure.gravatar.com\\\/avatar\\\/1d4fe9198e176b59442a0d34bf3a2daa510b0ef5a486b5f2426c878139f72b99?s=96&d=mm&r=g\",\"caption\":\"Webmaster\"},\"url\":\"https:\\\/\\\/insightevents.se\\\/gatubelysningsforum\\\/author\\\/webmaster\\\/\"}]}<\/script>\n<!-- \/ Yoast SEO plugin. -->","yoast_head_json":{"title":"Intervju med Liang Liem, Capelon - Gatubelysningsforum","description":"Vi fick chansen att st\u00e4lla fr\u00e5gor till Liang Liem fr\u00e5n Capelon.","robots":{"index":"index","follow":"follow","max-snippet":"max-snippet:-1","max-image-preview":"max-image-preview:large","max-video-preview":"max-video-preview:-1"},"canonical":"https:\/\/insightevents.se\/gatubelysningsforum\/2019\/08\/22\/intervju-med-liang-liem-capeon\/","og_locale":"sv_SE","og_type":"article","og_title":"Intervju med Liang Liem, Capelon - Gatubelysningsforum","og_description":"Vi fick chansen att st\u00e4lla fr\u00e5gor till Liang Liem fr\u00e5n Capelon.","og_url":"https:\/\/insightevents.se\/gatubelysningsforum\/2019\/08\/22\/intervju-med-liang-liem-capeon\/","og_site_name":"Gatubelysningsforum","article_published_time":"2019-08-22T12:43:46+00:00","article_modified_time":"2022-08-08T12:17:01+00:00","author":"Webmaster","twitter_card":"summary_large_image","twitter_misc":{"Skriven av":"Webmaster","Ber\u00e4knad l\u00e4stid":"4 minuter"},"schema":{"@context":"https:\/\/schema.org","@graph":[{"@type":"Article","@id":"https:\/\/insightevents.se\/gatubelysningsforum\/2019\/08\/22\/intervju-med-liang-liem-capeon\/#article","isPartOf":{"@id":"https:\/\/insightevents.se\/gatubelysningsforum\/2019\/08\/22\/intervju-med-liang-liem-capeon\/"},"author":{"name":"Webmaster","@id":"https:\/\/insightevents.se\/gatubelysningsforum\/#\/schema\/person\/b988a5292612382bfb32836eca66b90d"},"headline":"Intervju med Liang Liem, Capelon","datePublished":"2019-08-22T12:43:46+00:00","dateModified":"2022-08-08T12:17:01+00:00","mainEntityOfPage":{"@id":"https:\/\/insightevents.se\/gatubelysningsforum\/2019\/08\/22\/intervju-med-liang-liem-capeon\/"},"wordCount":848,"articleSection":["Uncategorized"],"inLanguage":"sv-SE"},{"@type":"WebPage","@id":"https:\/\/insightevents.se\/gatubelysningsforum\/2019\/08\/22\/intervju-med-liang-liem-capeon\/","url":"https:\/\/insightevents.se\/gatubelysningsforum\/2019\/08\/22\/intervju-med-liang-liem-capeon\/","name":"Intervju med Liang Liem, Capelon - Gatubelysningsforum","isPartOf":{"@id":"https:\/\/insightevents.se\/gatubelysningsforum\/#website"},"datePublished":"2019-08-22T12:43:46+00:00","dateModified":"2022-08-08T12:17:01+00:00","author":{"@id":"https:\/\/insightevents.se\/gatubelysningsforum\/#\/schema\/person\/b988a5292612382bfb32836eca66b90d"},"description":"Vi fick chansen att st\u00e4lla fr\u00e5gor till Liang Liem fr\u00e5n Capelon.","breadcrumb":{"@id":"https:\/\/insightevents.se\/gatubelysningsforum\/2019\/08\/22\/intervju-med-liang-liem-capeon\/#breadcrumb"},"inLanguage":"sv-SE","potentialAction":[{"@type":"ReadAction","target":["https:\/\/insightevents.se\/gatubelysningsforum\/2019\/08\/22\/intervju-med-liang-liem-capeon\/"]}]},{"@type":"BreadcrumbList","@id":"https:\/\/insightevents.se\/gatubelysningsforum\/2019\/08\/22\/intervju-med-liang-liem-capeon\/#breadcrumb","itemListElement":[{"@type":"ListItem","position":1,"name":"Home","item":"https:\/\/insightevents.se\/gatubelysningsforum\/"},{"@type":"ListItem","position":2,"name":"Intervju med Liang Liem, Capelon"}]},{"@type":"WebSite","@id":"https:\/\/insightevents.se\/gatubelysningsforum\/#website","url":"https:\/\/insightevents.se\/gatubelysningsforum\/","name":"Gatubelysningsforum","description":"Konferens 8-9 september 2016","potentialAction":[{"@type":"SearchAction","target":{"@type":"EntryPoint","urlTemplate":"https:\/\/insightevents.se\/gatubelysningsforum\/?s={search_term_string}"},"query-input":{"@type":"PropertyValueSpecification","valueRequired":true,"valueName":"search_term_string"}}],"inLanguage":"sv-SE"},{"@type":"Person","@id":"https:\/\/insightevents.se\/gatubelysningsforum\/#\/schema\/person\/b988a5292612382bfb32836eca66b90d","name":"Webmaster","image":{"@type":"ImageObject","inLanguage":"sv-SE","@id":"https:\/\/secure.gravatar.com\/avatar\/1d4fe9198e176b59442a0d34bf3a2daa510b0ef5a486b5f2426c878139f72b99?s=96&d=mm&r=g","url":"https:\/\/secure.gravatar.com\/avatar\/1d4fe9198e176b59442a0d34bf3a2daa510b0ef5a486b5f2426c878139f72b99?s=96&d=mm&r=g","contentUrl":"https:\/\/secure.gravatar.com\/avatar\/1d4fe9198e176b59442a0d34bf3a2daa510b0ef5a486b5f2426c878139f72b99?s=96&d=mm&r=g","caption":"Webmaster"},"url":"https:\/\/insightevents.se\/gatubelysningsforum\/author\/webmaster\/"}]}},"_links":{"self":[{"href":"https:\/\/insightevents.se\/gatubelysningsforum\/wp-json\/wp\/v2\/posts\/679","targetHints":{"allow":["GET"]}}],"collection":[{"href":"https:\/\/insightevents.se\/gatubelysningsforum\/wp-json\/wp\/v2\/posts"}],"about":[{"href":"https:\/\/insightevents.se\/gatubelysningsforum\/wp-json\/wp\/v2\/types\/post"}],"author":[{"embeddable":true,"href":"https:\/\/insightevents.se\/gatubelysningsforum\/wp-json\/wp\/v2\/users\/1"}],"replies":[{"embeddable":true,"href":"https:\/\/insightevents.se\/gatubelysningsforum\/wp-json\/wp\/v2\/comments?post=679"}],"version-history":[{"count":3,"href":"https:\/\/insightevents.se\/gatubelysningsforum\/wp-json\/wp\/v2\/posts\/679\/revisions"}],"predecessor-version":[{"id":682,"href":"https:\/\/insightevents.se\/gatubelysningsforum\/wp-json\/wp\/v2\/posts\/679\/revisions\/682"}],"wp:attachment":[{"href":"https:\/\/insightevents.se\/gatubelysningsforum\/wp-json\/wp\/v2\/media?parent=679"}],"wp:term":[{"taxonomy":"category","embeddable":true,"href":"https:\/\/insightevents.se\/gatubelysningsforum\/wp-json\/wp\/v2\/categories?post=679"},{"taxonomy":"post_tag","embeddable":true,"href":"https:\/\/insightevents.se\/gatubelysningsforum\/wp-json\/wp\/v2\/tags?post=679"}],"curies":[{"name":"wp","href":"https:\/\/api.w.org\/{rel}","templated":true}]}}