{"id":699,"date":"2019-09-20T08:40:56","date_gmt":"2019-09-20T08:40:56","guid":{"rendered":"https:\/\/insightevents.se\/gatubelysningsforum\/?p=699"},"modified":"2022-08-08T12:17:01","modified_gmt":"2022-08-08T12:17:01","slug":"svensk-byggtjanst-summerar-gatubelysningsforum-2019","status":"publish","type":"post","link":"https:\/\/insightevents.se\/gatubelysningsforum\/2019\/09\/20\/svensk-byggtjanst-summerar-gatubelysningsforum-2019\/","title":{"rendered":"Svensk byggtj\u00e4nst summerar Gatubelysningsforum 2019"},"content":{"rendered":"<h2><em><img loading=\"lazy\" decoding=\"async\" class=\"aligncenter size-full wp-image-700\" src=\"https:\/\/insightevents.se\/gatubelysningsforum\/wp-content\/uploads\/sites\/4\/2019\/09\/gbf2019_2.jpg\" alt=\"\" width=\"1200\" height=\"798\" srcset=\"https:\/\/insightevents.se\/gatubelysningsforum\/wp-content\/uploads\/sites\/4\/2019\/09\/gbf2019_2.jpg 1200w, https:\/\/insightevents.se\/gatubelysningsforum\/wp-content\/uploads\/sites\/4\/2019\/09\/gbf2019_2-325x217.jpg 325w, https:\/\/insightevents.se\/gatubelysningsforum\/wp-content\/uploads\/sites\/4\/2019\/09\/gbf2019_2-650x433.jpg 650w, https:\/\/insightevents.se\/gatubelysningsforum\/wp-content\/uploads\/sites\/4\/2019\/09\/gbf2019_2-768x511.jpg 768w, https:\/\/insightevents.se\/gatubelysningsforum\/wp-content\/uploads\/sites\/4\/2019\/09\/gbf2019_2-1083x720.jpg 1083w\" sizes=\"auto, (max-width: 1200px) 100vw, 1200px\" \/>&#8221;\u00c4r det v\u00e4rt att investera i effektivare belysning p\u00e5 g\u00e5ng- och cykelv\u00e4gar p\u00e5 bekostnad av trygghet och vad har lyckade belysningsprojekt gemensamt?&#8221;<\/em><\/h2>\n<h2>Svensk byggtj\u00e4nst summerar de b\u00e4sta tipsen fr\u00e5n Gatubelysningsforum 2019.<\/h2>\n<p>L\u00e4s artikeln h\u00e4r: <a href=\"https:\/\/omvarldsbevakning.byggtjanst.se\/artiklar\/2019\/september\/omfaltsbelysning-ger-trygga-utemiljoer\/\">Omf\u00e4ltsbelysning ger trygga utemilj\u00f6er<\/a><\/p>\n","protected":false},"excerpt":{"rendered":"<p>&#8221;\u00c4r det v\u00e4rt att investera i effektivare belysning p\u00e5 g\u00e5ng- och cykelv\u00e4gar p\u00e5 bekostnad av trygghet och vad har lyckade belysningsprojekt gemensamt?&#8221; Svensk byggtj\u00e4nst summerar de b\u00e4sta tipsen fr\u00e5n Gatubelysningsforum 2019. L\u00e4s artikeln h\u00e4r: Omf\u00e4ltsbelysning ger trygga utemilj\u00f6er<\/p>\n","protected":false},"author":1,"featured_media":0,"comment_status":"closed","ping_status":"open","sticky":false,"template":"","format":"standard","meta":{"_acf_changed":false,"footnotes":""},"categories":[1],"tags":[],"class_list":["post-699","post","type-post","status-publish","format-standard","hentry","category-uncategorized"],"acf":[],"yoast_head":"<!-- This site is optimized with the Yoast SEO plugin v27.3 - https:\/\/yoast.com\/product\/yoast-seo-wordpress\/ -->\n<title>Svensk byggtj\u00e4nst summerar Gatubelysningsforum 2019 - Gatubelysningsforum<\/title>\n<meta name=\"robots\" content=\"index, follow, max-snippet:-1, max-image-preview:large, max-video-preview:-1\" \/>\n<link rel=\"canonical\" href=\"https:\/\/insightevents.se\/gatubelysningsforum\/2019\/09\/20\/svensk-byggtjanst-summerar-gatubelysningsforum-2019\/\" \/>\n<meta property=\"og:locale\" content=\"sv_SE\" \/>\n<meta property=\"og:type\" content=\"article\" \/>\n<meta property=\"og:title\" content=\"Svensk byggtj\u00e4nst summerar Gatubelysningsforum 2019 - Gatubelysningsforum\" \/>\n<meta property=\"og:description\" content=\"&#8221;\u00c4r det v\u00e4rt att investera i effektivare belysning p\u00e5 g\u00e5ng- och cykelv\u00e4gar p\u00e5 bekostnad av trygghet och vad har lyckade belysningsprojekt gemensamt?&#8221; Svensk byggtj\u00e4nst summerar de b\u00e4sta tipsen fr\u00e5n Gatubelysningsforum 2019. L\u00e4s artikeln h\u00e4r: Omf\u00e4ltsbelysning ger trygga utemilj\u00f6er\" \/>\n<meta property=\"og:url\" content=\"https:\/\/insightevents.se\/gatubelysningsforum\/2019\/09\/20\/svensk-byggtjanst-summerar-gatubelysningsforum-2019\/\" \/>\n<meta property=\"og:site_name\" content=\"Gatubelysningsforum\" \/>\n<meta property=\"article:published_time\" content=\"2019-09-20T08:40:56+00:00\" \/>\n<meta property=\"article:modified_time\" content=\"2022-08-08T12:17:01+00:00\" \/>\n<meta property=\"og:image\" content=\"https:\/\/insightevents.se\/gatubelysningsforum\/wp-content\/uploads\/sites\/4\/2019\/09\/gbf2019_2.jpg\" \/>\n<meta name=\"author\" content=\"Webmaster\" \/>\n<meta name=\"twitter:card\" content=\"summary_large_image\" \/>\n<meta name=\"twitter:label1\" content=\"Skriven av\" \/>\n\t<meta name=\"twitter:data1\" content=\"Webmaster\" \/>\n<script type=\"application\/ld+json\" class=\"yoast-schema-graph\">{\"@context\":\"https:\\\/\\\/schema.org\",\"@graph\":[{\"@type\":\"Article\",\"@id\":\"https:\\\/\\\/insightevents.se\\\/gatubelysningsforum\\\/2019\\\/09\\\/20\\\/svensk-byggtjanst-summerar-gatubelysningsforum-2019\\\/#article\",\"isPartOf\":{\"@id\":\"https:\\\/\\\/insightevents.se\\\/gatubelysningsforum\\\/2019\\\/09\\\/20\\\/svensk-byggtjanst-summerar-gatubelysningsforum-2019\\\/\"},\"author\":{\"name\":\"Webmaster\",\"@id\":\"https:\\\/\\\/insightevents.se\\\/gatubelysningsforum\\\/#\\\/schema\\\/person\\\/b988a5292612382bfb32836eca66b90d\"},\"headline\":\"Svensk byggtj\u00e4nst summerar Gatubelysningsforum 2019\",\"datePublished\":\"2019-09-20T08:40:56+00:00\",\"dateModified\":\"2022-08-08T12:17:01+00:00\",\"mainEntityOfPage\":{\"@id\":\"https:\\\/\\\/insightevents.se\\\/gatubelysningsforum\\\/2019\\\/09\\\/20\\\/svensk-byggtjanst-summerar-gatubelysningsforum-2019\\\/\"},\"wordCount\":52,\"image\":{\"@id\":\"https:\\\/\\\/insightevents.se\\\/gatubelysningsforum\\\/2019\\\/09\\\/20\\\/svensk-byggtjanst-summerar-gatubelysningsforum-2019\\\/#primaryimage\"},\"thumbnailUrl\":\"https:\\\/\\\/insightevents.se\\\/gatubelysningsforum\\\/wp-content\\\/uploads\\\/sites\\\/4\\\/2019\\\/09\\\/gbf2019_2.jpg\",\"articleSection\":[\"Uncategorized\"],\"inLanguage\":\"sv-SE\"},{\"@type\":\"WebPage\",\"@id\":\"https:\\\/\\\/insightevents.se\\\/gatubelysningsforum\\\/2019\\\/09\\\/20\\\/svensk-byggtjanst-summerar-gatubelysningsforum-2019\\\/\",\"url\":\"https:\\\/\\\/insightevents.se\\\/gatubelysningsforum\\\/2019\\\/09\\\/20\\\/svensk-byggtjanst-summerar-gatubelysningsforum-2019\\\/\",\"name\":\"Svensk byggtj\u00e4nst summerar Gatubelysningsforum 2019 - Gatubelysningsforum\",\"isPartOf\":{\"@id\":\"https:\\\/\\\/insightevents.se\\\/gatubelysningsforum\\\/#website\"},\"primaryImageOfPage\":{\"@id\":\"https:\\\/\\\/insightevents.se\\\/gatubelysningsforum\\\/2019\\\/09\\\/20\\\/svensk-byggtjanst-summerar-gatubelysningsforum-2019\\\/#primaryimage\"},\"image\":{\"@id\":\"https:\\\/\\\/insightevents.se\\\/gatubelysningsforum\\\/2019\\\/09\\\/20\\\/svensk-byggtjanst-summerar-gatubelysningsforum-2019\\\/#primaryimage\"},\"thumbnailUrl\":\"https:\\\/\\\/insightevents.se\\\/gatubelysningsforum\\\/wp-content\\\/uploads\\\/sites\\\/4\\\/2019\\\/09\\\/gbf2019_2.jpg\",\"datePublished\":\"2019-09-20T08:40:56+00:00\",\"dateModified\":\"2022-08-08T12:17:01+00:00\",\"author\":{\"@id\":\"https:\\\/\\\/insightevents.se\\\/gatubelysningsforum\\\/#\\\/schema\\\/person\\\/b988a5292612382bfb32836eca66b90d\"},\"breadcrumb\":{\"@id\":\"https:\\\/\\\/insightevents.se\\\/gatubelysningsforum\\\/2019\\\/09\\\/20\\\/svensk-byggtjanst-summerar-gatubelysningsforum-2019\\\/#breadcrumb\"},\"inLanguage\":\"sv-SE\",\"potentialAction\":[{\"@type\":\"ReadAction\",\"target\":[\"https:\\\/\\\/insightevents.se\\\/gatubelysningsforum\\\/2019\\\/09\\\/20\\\/svensk-byggtjanst-summerar-gatubelysningsforum-2019\\\/\"]}]},{\"@type\":\"ImageObject\",\"inLanguage\":\"sv-SE\",\"@id\":\"https:\\\/\\\/insightevents.se\\\/gatubelysningsforum\\\/2019\\\/09\\\/20\\\/svensk-byggtjanst-summerar-gatubelysningsforum-2019\\\/#primaryimage\",\"url\":\"https:\\\/\\\/insightevents.se\\\/gatubelysningsforum\\\/wp-content\\\/uploads\\\/sites\\\/4\\\/2019\\\/09\\\/gbf2019_2.jpg\",\"contentUrl\":\"https:\\\/\\\/insightevents.se\\\/gatubelysningsforum\\\/wp-content\\\/uploads\\\/sites\\\/4\\\/2019\\\/09\\\/gbf2019_2.jpg\",\"width\":1200,\"height\":798},{\"@type\":\"BreadcrumbList\",\"@id\":\"https:\\\/\\\/insightevents.se\\\/gatubelysningsforum\\\/2019\\\/09\\\/20\\\/svensk-byggtjanst-summerar-gatubelysningsforum-2019\\\/#breadcrumb\",\"itemListElement\":[{\"@type\":\"ListItem\",\"position\":1,\"name\":\"Home\",\"item\":\"https:\\\/\\\/insightevents.se\\\/gatubelysningsforum\\\/\"},{\"@type\":\"ListItem\",\"position\":2,\"name\":\"Svensk byggtj\u00e4nst summerar Gatubelysningsforum 2019\"}]},{\"@type\":\"WebSite\",\"@id\":\"https:\\\/\\\/insightevents.se\\\/gatubelysningsforum\\\/#website\",\"url\":\"https:\\\/\\\/insightevents.se\\\/gatubelysningsforum\\\/\",\"name\":\"Gatubelysningsforum\",\"description\":\"Konferens 8-9 september 2016\",\"potentialAction\":[{\"@type\":\"SearchAction\",\"target\":{\"@type\":\"EntryPoint\",\"urlTemplate\":\"https:\\\/\\\/insightevents.se\\\/gatubelysningsforum\\\/?s={search_term_string}\"},\"query-input\":{\"@type\":\"PropertyValueSpecification\",\"valueRequired\":true,\"valueName\":\"search_term_string\"}}],\"inLanguage\":\"sv-SE\"},{\"@type\":\"Person\",\"@id\":\"https:\\\/\\\/insightevents.se\\\/gatubelysningsforum\\\/#\\\/schema\\\/person\\\/b988a5292612382bfb32836eca66b90d\",\"name\":\"Webmaster\",\"image\":{\"@type\":\"ImageObject\",\"inLanguage\":\"sv-SE\",\"@id\":\"https:\\\/\\\/secure.gravatar.com\\\/avatar\\\/1d4fe9198e176b59442a0d34bf3a2daa510b0ef5a486b5f2426c878139f72b99?s=96&d=mm&r=g\",\"url\":\"https:\\\/\\\/secure.gravatar.com\\\/avatar\\\/1d4fe9198e176b59442a0d34bf3a2daa510b0ef5a486b5f2426c878139f72b99?s=96&d=mm&r=g\",\"contentUrl\":\"https:\\\/\\\/secure.gravatar.com\\\/avatar\\\/1d4fe9198e176b59442a0d34bf3a2daa510b0ef5a486b5f2426c878139f72b99?s=96&d=mm&r=g\",\"caption\":\"Webmaster\"},\"url\":\"https:\\\/\\\/insightevents.se\\\/gatubelysningsforum\\\/author\\\/webmaster\\\/\"}]}<\/script>\n<!-- \/ Yoast SEO plugin. -->","yoast_head_json":{"title":"Svensk byggtj\u00e4nst summerar Gatubelysningsforum 2019 - Gatubelysningsforum","robots":{"index":"index","follow":"follow","max-snippet":"max-snippet:-1","max-image-preview":"max-image-preview:large","max-video-preview":"max-video-preview:-1"},"canonical":"https:\/\/insightevents.se\/gatubelysningsforum\/2019\/09\/20\/svensk-byggtjanst-summerar-gatubelysningsforum-2019\/","og_locale":"sv_SE","og_type":"article","og_title":"Svensk byggtj\u00e4nst summerar Gatubelysningsforum 2019 - Gatubelysningsforum","og_description":"&#8221;\u00c4r det v\u00e4rt att investera i effektivare belysning p\u00e5 g\u00e5ng- och cykelv\u00e4gar p\u00e5 bekostnad av trygghet och vad har lyckade belysningsprojekt gemensamt?&#8221; Svensk byggtj\u00e4nst summerar de b\u00e4sta tipsen fr\u00e5n Gatubelysningsforum 2019. L\u00e4s artikeln h\u00e4r: Omf\u00e4ltsbelysning ger trygga utemilj\u00f6er","og_url":"https:\/\/insightevents.se\/gatubelysningsforum\/2019\/09\/20\/svensk-byggtjanst-summerar-gatubelysningsforum-2019\/","og_site_name":"Gatubelysningsforum","article_published_time":"2019-09-20T08:40:56+00:00","article_modified_time":"2022-08-08T12:17:01+00:00","og_image":[{"url":"https:\/\/insightevents.se\/gatubelysningsforum\/wp-content\/uploads\/sites\/4\/2019\/09\/gbf2019_2.jpg","type":"","width":"","height":""}],"author":"Webmaster","twitter_card":"summary_large_image","twitter_misc":{"Skriven av":"Webmaster"},"schema":{"@context":"https:\/\/schema.org","@graph":[{"@type":"Article","@id":"https:\/\/insightevents.se\/gatubelysningsforum\/2019\/09\/20\/svensk-byggtjanst-summerar-gatubelysningsforum-2019\/#article","isPartOf":{"@id":"https:\/\/insightevents.se\/gatubelysningsforum\/2019\/09\/20\/svensk-byggtjanst-summerar-gatubelysningsforum-2019\/"},"author":{"name":"Webmaster","@id":"https:\/\/insightevents.se\/gatubelysningsforum\/#\/schema\/person\/b988a5292612382bfb32836eca66b90d"},"headline":"Svensk byggtj\u00e4nst summerar Gatubelysningsforum 2019","datePublished":"2019-09-20T08:40:56+00:00","dateModified":"2022-08-08T12:17:01+00:00","mainEntityOfPage":{"@id":"https:\/\/insightevents.se\/gatubelysningsforum\/2019\/09\/20\/svensk-byggtjanst-summerar-gatubelysningsforum-2019\/"},"wordCount":52,"image":{"@id":"https:\/\/insightevents.se\/gatubelysningsforum\/2019\/09\/20\/svensk-byggtjanst-summerar-gatubelysningsforum-2019\/#primaryimage"},"thumbnailUrl":"https:\/\/insightevents.se\/gatubelysningsforum\/wp-content\/uploads\/sites\/4\/2019\/09\/gbf2019_2.jpg","articleSection":["Uncategorized"],"inLanguage":"sv-SE"},{"@type":"WebPage","@id":"https:\/\/insightevents.se\/gatubelysningsforum\/2019\/09\/20\/svensk-byggtjanst-summerar-gatubelysningsforum-2019\/","url":"https:\/\/insightevents.se\/gatubelysningsforum\/2019\/09\/20\/svensk-byggtjanst-summerar-gatubelysningsforum-2019\/","name":"Svensk byggtj\u00e4nst summerar Gatubelysningsforum 2019 - Gatubelysningsforum","isPartOf":{"@id":"https:\/\/insightevents.se\/gatubelysningsforum\/#website"},"primaryImageOfPage":{"@id":"https:\/\/insightevents.se\/gatubelysningsforum\/2019\/09\/20\/svensk-byggtjanst-summerar-gatubelysningsforum-2019\/#primaryimage"},"image":{"@id":"https:\/\/insightevents.se\/gatubelysningsforum\/2019\/09\/20\/svensk-byggtjanst-summerar-gatubelysningsforum-2019\/#primaryimage"},"thumbnailUrl":"https:\/\/insightevents.se\/gatubelysningsforum\/wp-content\/uploads\/sites\/4\/2019\/09\/gbf2019_2.jpg","datePublished":"2019-09-20T08:40:56+00:00","dateModified":"2022-08-08T12:17:01+00:00","author":{"@id":"https:\/\/insightevents.se\/gatubelysningsforum\/#\/schema\/person\/b988a5292612382bfb32836eca66b90d"},"breadcrumb":{"@id":"https:\/\/insightevents.se\/gatubelysningsforum\/2019\/09\/20\/svensk-byggtjanst-summerar-gatubelysningsforum-2019\/#breadcrumb"},"inLanguage":"sv-SE","potentialAction":[{"@type":"ReadAction","target":["https:\/\/insightevents.se\/gatubelysningsforum\/2019\/09\/20\/svensk-byggtjanst-summerar-gatubelysningsforum-2019\/"]}]},{"@type":"ImageObject","inLanguage":"sv-SE","@id":"https:\/\/insightevents.se\/gatubelysningsforum\/2019\/09\/20\/svensk-byggtjanst-summerar-gatubelysningsforum-2019\/#primaryimage","url":"https:\/\/insightevents.se\/gatubelysningsforum\/wp-content\/uploads\/sites\/4\/2019\/09\/gbf2019_2.jpg","contentUrl":"https:\/\/insightevents.se\/gatubelysningsforum\/wp-content\/uploads\/sites\/4\/2019\/09\/gbf2019_2.jpg","width":1200,"height":798},{"@type":"BreadcrumbList","@id":"https:\/\/insightevents.se\/gatubelysningsforum\/2019\/09\/20\/svensk-byggtjanst-summerar-gatubelysningsforum-2019\/#breadcrumb","itemListElement":[{"@type":"ListItem","position":1,"name":"Home","item":"https:\/\/insightevents.se\/gatubelysningsforum\/"},{"@type":"ListItem","position":2,"name":"Svensk byggtj\u00e4nst summerar Gatubelysningsforum 2019"}]},{"@type":"WebSite","@id":"https:\/\/insightevents.se\/gatubelysningsforum\/#website","url":"https:\/\/insightevents.se\/gatubelysningsforum\/","name":"Gatubelysningsforum","description":"Konferens 8-9 september 2016","potentialAction":[{"@type":"SearchAction","target":{"@type":"EntryPoint","urlTemplate":"https:\/\/insightevents.se\/gatubelysningsforum\/?s={search_term_string}"},"query-input":{"@type":"PropertyValueSpecification","valueRequired":true,"valueName":"search_term_string"}}],"inLanguage":"sv-SE"},{"@type":"Person","@id":"https:\/\/insightevents.se\/gatubelysningsforum\/#\/schema\/person\/b988a5292612382bfb32836eca66b90d","name":"Webmaster","image":{"@type":"ImageObject","inLanguage":"sv-SE","@id":"https:\/\/secure.gravatar.com\/avatar\/1d4fe9198e176b59442a0d34bf3a2daa510b0ef5a486b5f2426c878139f72b99?s=96&d=mm&r=g","url":"https:\/\/secure.gravatar.com\/avatar\/1d4fe9198e176b59442a0d34bf3a2daa510b0ef5a486b5f2426c878139f72b99?s=96&d=mm&r=g","contentUrl":"https:\/\/secure.gravatar.com\/avatar\/1d4fe9198e176b59442a0d34bf3a2daa510b0ef5a486b5f2426c878139f72b99?s=96&d=mm&r=g","caption":"Webmaster"},"url":"https:\/\/insightevents.se\/gatubelysningsforum\/author\/webmaster\/"}]}},"_links":{"self":[{"href":"https:\/\/insightevents.se\/gatubelysningsforum\/wp-json\/wp\/v2\/posts\/699","targetHints":{"allow":["GET"]}}],"collection":[{"href":"https:\/\/insightevents.se\/gatubelysningsforum\/wp-json\/wp\/v2\/posts"}],"about":[{"href":"https:\/\/insightevents.se\/gatubelysningsforum\/wp-json\/wp\/v2\/types\/post"}],"author":[{"embeddable":true,"href":"https:\/\/insightevents.se\/gatubelysningsforum\/wp-json\/wp\/v2\/users\/1"}],"replies":[{"embeddable":true,"href":"https:\/\/insightevents.se\/gatubelysningsforum\/wp-json\/wp\/v2\/comments?post=699"}],"version-history":[{"count":2,"href":"https:\/\/insightevents.se\/gatubelysningsforum\/wp-json\/wp\/v2\/posts\/699\/revisions"}],"predecessor-version":[{"id":702,"href":"https:\/\/insightevents.se\/gatubelysningsforum\/wp-json\/wp\/v2\/posts\/699\/revisions\/702"}],"wp:attachment":[{"href":"https:\/\/insightevents.se\/gatubelysningsforum\/wp-json\/wp\/v2\/media?parent=699"}],"wp:term":[{"taxonomy":"category","embeddable":true,"href":"https:\/\/insightevents.se\/gatubelysningsforum\/wp-json\/wp\/v2\/categories?post=699"},{"taxonomy":"post_tag","embeddable":true,"href":"https:\/\/insightevents.se\/gatubelysningsforum\/wp-json\/wp\/v2\/tags?post=699"}],"curies":[{"name":"wp","href":"https:\/\/api.w.org\/{rel}","templated":true}]}}