{"id":1228,"date":"2025-10-15T09:47:54","date_gmt":"2025-10-15T07:47:54","guid":{"rendered":"https:\/\/insightevents.se\/sarbehandlingssymposium\/?p=1228"},"modified":"2025-10-15T09:47:54","modified_gmt":"2025-10-15T07:47:54","slug":"nutricia-man-ska-inte-glomma-vikten-bakom-naringen-2","status":"publish","type":"post","link":"https:\/\/insightevents.se\/sarbehandlingssymposium\/2025\/10\/15\/nutricia-man-ska-inte-glomma-vikten-bakom-naringen-2\/","title":{"rendered":"Nutricia \u2013 \u201dMan ska inte gl\u00f6mma vikten bakom n\u00e4ringen\u201d"},"content":{"rendered":"<p><img loading=\"lazy\" decoding=\"async\" class=\"wp-image-1213 alignright\" src=\"https:\/\/insightevents.se\/sarbehandlingssymposium\/wp-content\/uploads\/sites\/14\/2025\/10\/180.png\" alt=\"\" width=\"394\" height=\"291\" srcset=\"https:\/\/insightevents.se\/sarbehandlingssymposium\/wp-content\/uploads\/sites\/14\/2025\/10\/180.png 2250w, https:\/\/insightevents.se\/sarbehandlingssymposium\/wp-content\/uploads\/sites\/14\/2025\/10\/180-300x222.png 300w, https:\/\/insightevents.se\/sarbehandlingssymposium\/wp-content\/uploads\/sites\/14\/2025\/10\/180-1024x756.png 1024w, https:\/\/insightevents.se\/sarbehandlingssymposium\/wp-content\/uploads\/sites\/14\/2025\/10\/180-768x567.png 768w, https:\/\/insightevents.se\/sarbehandlingssymposium\/wp-content\/uploads\/sites\/14\/2025\/10\/180-1536x1135.png 1536w, https:\/\/insightevents.se\/sarbehandlingssymposium\/wp-content\/uploads\/sites\/14\/2025\/10\/180-2048x1513.png 2048w, https:\/\/insightevents.se\/sarbehandlingssymposium\/wp-content\/uploads\/sites\/14\/2025\/10\/180-975x720.png 975w\" sizes=\"auto, (max-width: 394px) 100vw, 394px\" \/>Under \u00e5rets S\u00e5rbehandlingssymposium var utst\u00e4llarna Nutricia p\u00e5 plats. Vi pratar lite med Nutricias \u00c5sa Grundstr\u00f6m om varf\u00f6r det \u00e4r s\u00e5 viktigt att diskutera n\u00e4ring i relation till s\u00e5rbehandling: \u201dDet \u00e4r en j\u00e4tteviktig del f\u00f6r att s\u00e5r ska kunna l\u00e4ka s\u00e5 snabbt och bra som m\u00f6jligt. En patient som exempelvis f\u00e5r i sig f\u00f6r lite energi, protein och andra n\u00e4rings\u00e4mnen ser man ofta att l\u00e4kandet kan ta l\u00e4ngre tid hos och att den h\u00e4r extra tillf\u00f6rseln av \u00e4mnena kan hj\u00e4lpa till att snabba p\u00e5. Och det \u00e4r n\u00e5gonting som delvis minskar patientens personliga lidande och \u00f6kar sj\u00e4lvst\u00e4ndigheten. Men ocks\u00e5 minska det h\u00e4r \u00f6kade v\u00e5rdbehovet som kommer med ett s\u00e5r.\u201d<\/p>\n<p>\u00c5sa ber\u00e4ttar att de hoppas f\u00f6rmedla att det \u00e4r viktigt att man inte gl\u00f6mmer bort vikten av n\u00e4ring n\u00e4r det ber\u00f6r s\u00e5rbehandling. Vi fr\u00e5gar \u00e4ven \u00c5sa hon tror att man kommer se mer av fr\u00e5n Nutricia i framtiden. \u201dNutricia f\u00f6rs\u00f6ker ju st\u00e4ndigt utveckla sitt sortiment av produkter f\u00f6r att det ska finnas n\u00e5got som passar f\u00f6r alla olika patienters behov och \u00f6nskem\u00e5l\u2026 d\u00e4rtill har vi ett stort milj\u00f6fokus och vi h\u00e5ller nu p\u00e5 att utveckla en v\u00e4xtbaserad portf\u00f6lj f\u00f6r att f\u00e5 mer milj\u00f6m\u00e4ssigt h\u00e5llbara produkter.\u201d<\/p>\n<p>D\u00e4rtill menar \u00c5sa att hon tycker att det \u00e4r bra att man uppm\u00e4rksammar \u00e4mnet s\u00e5rbehandling: \u201d\u2026det \u00e4r v\u00e4ldigt roligt att se att det blir som ett community kring s\u00e5rv\u00e5rd och att m\u00e5nga \u00e4r v\u00e4ldigt t\u00f6rstiga p\u00e5 mer kunskap ocks\u00e5 sprida kunskap.\u201d<\/p>\n","protected":false},"excerpt":{"rendered":"<p>Under \u00e5rets S\u00e5rbehandlingssymposium var utst\u00e4llarna Nutricia p\u00e5 plats. Vi pratar lite med Nutricias \u00c5sa Grundstr\u00f6m om varf\u00f6r det \u00e4r s\u00e5 viktigt att diskutera n\u00e4ring i relation till s\u00e5rbehandling: \u201dDet \u00e4r en j\u00e4tteviktig del f\u00f6r att s\u00e5r ska kunna l\u00e4ka s\u00e5 snabbt och bra som m\u00f6jligt. En patient som exempelvis f\u00e5r i sig f\u00f6r lite energi, [&hellip;]<\/p>\n","protected":false},"author":1,"featured_media":1218,"comment_status":"closed","ping_status":"open","sticky":false,"template":"","format":"standard","meta":{"_acf_changed":false,"footnotes":""},"categories":[1],"tags":[],"class_list":["post-1228","post","type-post","status-publish","format-standard","has-post-thumbnail","hentry","category-okategoriserade"],"acf":[],"yoast_head":"<!-- This site is optimized with the Yoast SEO plugin v27.3 - https:\/\/yoast.com\/product\/yoast-seo-wordpress\/ -->\n<title>Nutricia \u2013 \u201dMan ska inte gl\u00f6mma vikten bakom n\u00e4ringen\u201d - S\u00e5rbehandlingssymposium<\/title>\n<meta name=\"robots\" content=\"index, follow, max-snippet:-1, max-image-preview:large, max-video-preview:-1\" \/>\n<link rel=\"canonical\" href=\"https:\/\/insightevents.se\/sarbehandlingssymposium\/2025\/10\/15\/nutricia-man-ska-inte-glomma-vikten-bakom-naringen-2\/\" \/>\n<meta property=\"og:locale\" content=\"sv_SE\" \/>\n<meta property=\"og:type\" content=\"article\" \/>\n<meta property=\"og:title\" content=\"Nutricia \u2013 \u201dMan ska inte gl\u00f6mma vikten bakom n\u00e4ringen\u201d - S\u00e5rbehandlingssymposium\" \/>\n<meta property=\"og:description\" content=\"Under \u00e5rets S\u00e5rbehandlingssymposium var utst\u00e4llarna Nutricia p\u00e5 plats. Vi pratar lite med Nutricias \u00c5sa Grundstr\u00f6m om varf\u00f6r det \u00e4r s\u00e5 viktigt att diskutera n\u00e4ring i relation till s\u00e5rbehandling: \u201dDet \u00e4r en j\u00e4tteviktig del f\u00f6r att s\u00e5r ska kunna l\u00e4ka s\u00e5 snabbt och bra som m\u00f6jligt. En patient som exempelvis f\u00e5r i sig f\u00f6r lite energi, [&hellip;]\" \/>\n<meta property=\"og:url\" content=\"https:\/\/insightevents.se\/sarbehandlingssymposium\/2025\/10\/15\/nutricia-man-ska-inte-glomma-vikten-bakom-naringen-2\/\" \/>\n<meta property=\"og:site_name\" content=\"S\u00e5rbehandlingssymposium\" \/>\n<meta property=\"article:published_time\" content=\"2025-10-15T07:47:54+00:00\" \/>\n<meta property=\"og:image\" content=\"https:\/\/insightevents.se\/sarbehandlingssymposium\/wp-content\/uploads\/sites\/14\/2025\/10\/nutricia-nyhetsbilds.png\" \/>\n\t<meta property=\"og:image:width\" content=\"400\" \/>\n\t<meta property=\"og:image:height\" content=\"400\" \/>\n\t<meta property=\"og:image:type\" content=\"image\/png\" \/>\n<meta name=\"author\" content=\"Webmaster\" \/>\n<meta name=\"twitter:card\" content=\"summary_large_image\" \/>\n<meta name=\"twitter:label1\" content=\"Skriven av\" \/>\n\t<meta name=\"twitter:data1\" content=\"Webmaster\" \/>\n\t<meta name=\"twitter:label2\" content=\"Ber\u00e4knad l\u00e4stid\" \/>\n\t<meta name=\"twitter:data2\" content=\"2 minuter\" \/>\n<script type=\"application\/ld+json\" class=\"yoast-schema-graph\">{\"@context\":\"https:\\\/\\\/schema.org\",\"@graph\":[{\"@type\":\"Article\",\"@id\":\"https:\\\/\\\/insightevents.se\\\/sarbehandlingssymposium\\\/2025\\\/10\\\/15\\\/nutricia-man-ska-inte-glomma-vikten-bakom-naringen-2\\\/#article\",\"isPartOf\":{\"@id\":\"https:\\\/\\\/insightevents.se\\\/sarbehandlingssymposium\\\/2025\\\/10\\\/15\\\/nutricia-man-ska-inte-glomma-vikten-bakom-naringen-2\\\/\"},\"author\":{\"name\":\"Webmaster\",\"@id\":\"https:\\\/\\\/insightevents.se\\\/sarbehandlingssymposium\\\/#\\\/schema\\\/person\\\/b988a5292612382bfb32836eca66b90d\"},\"headline\":\"Nutricia \u2013 \u201dMan ska inte gl\u00f6mma vikten bakom n\u00e4ringen\u201d\",\"datePublished\":\"2025-10-15T07:47:54+00:00\",\"mainEntityOfPage\":{\"@id\":\"https:\\\/\\\/insightevents.se\\\/sarbehandlingssymposium\\\/2025\\\/10\\\/15\\\/nutricia-man-ska-inte-glomma-vikten-bakom-naringen-2\\\/\"},\"wordCount\":304,\"image\":{\"@id\":\"https:\\\/\\\/insightevents.se\\\/sarbehandlingssymposium\\\/2025\\\/10\\\/15\\\/nutricia-man-ska-inte-glomma-vikten-bakom-naringen-2\\\/#primaryimage\"},\"thumbnailUrl\":\"https:\\\/\\\/insightevents.se\\\/sarbehandlingssymposium\\\/wp-content\\\/uploads\\\/sites\\\/14\\\/2025\\\/10\\\/nutricia-nyhetsbilds.png\",\"inLanguage\":\"sv-SE\"},{\"@type\":\"WebPage\",\"@id\":\"https:\\\/\\\/insightevents.se\\\/sarbehandlingssymposium\\\/2025\\\/10\\\/15\\\/nutricia-man-ska-inte-glomma-vikten-bakom-naringen-2\\\/\",\"url\":\"https:\\\/\\\/insightevents.se\\\/sarbehandlingssymposium\\\/2025\\\/10\\\/15\\\/nutricia-man-ska-inte-glomma-vikten-bakom-naringen-2\\\/\",\"name\":\"Nutricia \u2013 \u201dMan ska inte gl\u00f6mma vikten bakom n\u00e4ringen\u201d - S\u00e5rbehandlingssymposium\",\"isPartOf\":{\"@id\":\"https:\\\/\\\/insightevents.se\\\/sarbehandlingssymposium\\\/#website\"},\"primaryImageOfPage\":{\"@id\":\"https:\\\/\\\/insightevents.se\\\/sarbehandlingssymposium\\\/2025\\\/10\\\/15\\\/nutricia-man-ska-inte-glomma-vikten-bakom-naringen-2\\\/#primaryimage\"},\"image\":{\"@id\":\"https:\\\/\\\/insightevents.se\\\/sarbehandlingssymposium\\\/2025\\\/10\\\/15\\\/nutricia-man-ska-inte-glomma-vikten-bakom-naringen-2\\\/#primaryimage\"},\"thumbnailUrl\":\"https:\\\/\\\/insightevents.se\\\/sarbehandlingssymposium\\\/wp-content\\\/uploads\\\/sites\\\/14\\\/2025\\\/10\\\/nutricia-nyhetsbilds.png\",\"datePublished\":\"2025-10-15T07:47:54+00:00\",\"author\":{\"@id\":\"https:\\\/\\\/insightevents.se\\\/sarbehandlingssymposium\\\/#\\\/schema\\\/person\\\/b988a5292612382bfb32836eca66b90d\"},\"breadcrumb\":{\"@id\":\"https:\\\/\\\/insightevents.se\\\/sarbehandlingssymposium\\\/2025\\\/10\\\/15\\\/nutricia-man-ska-inte-glomma-vikten-bakom-naringen-2\\\/#breadcrumb\"},\"inLanguage\":\"sv-SE\",\"potentialAction\":[{\"@type\":\"ReadAction\",\"target\":[\"https:\\\/\\\/insightevents.se\\\/sarbehandlingssymposium\\\/2025\\\/10\\\/15\\\/nutricia-man-ska-inte-glomma-vikten-bakom-naringen-2\\\/\"]}]},{\"@type\":\"ImageObject\",\"inLanguage\":\"sv-SE\",\"@id\":\"https:\\\/\\\/insightevents.se\\\/sarbehandlingssymposium\\\/2025\\\/10\\\/15\\\/nutricia-man-ska-inte-glomma-vikten-bakom-naringen-2\\\/#primaryimage\",\"url\":\"https:\\\/\\\/insightevents.se\\\/sarbehandlingssymposium\\\/wp-content\\\/uploads\\\/sites\\\/14\\\/2025\\\/10\\\/nutricia-nyhetsbilds.png\",\"contentUrl\":\"https:\\\/\\\/insightevents.se\\\/sarbehandlingssymposium\\\/wp-content\\\/uploads\\\/sites\\\/14\\\/2025\\\/10\\\/nutricia-nyhetsbilds.png\",\"width\":400,\"height\":400},{\"@type\":\"BreadcrumbList\",\"@id\":\"https:\\\/\\\/insightevents.se\\\/sarbehandlingssymposium\\\/2025\\\/10\\\/15\\\/nutricia-man-ska-inte-glomma-vikten-bakom-naringen-2\\\/#breadcrumb\",\"itemListElement\":[{\"@type\":\"ListItem\",\"position\":1,\"name\":\"Hem\",\"item\":\"https:\\\/\\\/insightevents.se\\\/sarbehandlingssymposium\\\/\"},{\"@type\":\"ListItem\",\"position\":2,\"name\":\"Nutricia \u2013 \u201dMan ska inte gl\u00f6mma vikten bakom n\u00e4ringen\u201d\"}]},{\"@type\":\"WebSite\",\"@id\":\"https:\\\/\\\/insightevents.se\\\/sarbehandlingssymposium\\\/#website\",\"url\":\"https:\\\/\\\/insightevents.se\\\/sarbehandlingssymposium\\\/\",\"name\":\"S\u00e5rbehandlingssymposium\",\"description\":\"\",\"potentialAction\":[{\"@type\":\"SearchAction\",\"target\":{\"@type\":\"EntryPoint\",\"urlTemplate\":\"https:\\\/\\\/insightevents.se\\\/sarbehandlingssymposium\\\/?s={search_term_string}\"},\"query-input\":{\"@type\":\"PropertyValueSpecification\",\"valueRequired\":true,\"valueName\":\"search_term_string\"}}],\"inLanguage\":\"sv-SE\"},{\"@type\":\"Person\",\"@id\":\"https:\\\/\\\/insightevents.se\\\/sarbehandlingssymposium\\\/#\\\/schema\\\/person\\\/b988a5292612382bfb32836eca66b90d\",\"name\":\"Webmaster\",\"image\":{\"@type\":\"ImageObject\",\"inLanguage\":\"sv-SE\",\"@id\":\"https:\\\/\\\/secure.gravatar.com\\\/avatar\\\/1d4fe9198e176b59442a0d34bf3a2daa510b0ef5a486b5f2426c878139f72b99?s=96&d=mm&r=g\",\"url\":\"https:\\\/\\\/secure.gravatar.com\\\/avatar\\\/1d4fe9198e176b59442a0d34bf3a2daa510b0ef5a486b5f2426c878139f72b99?s=96&d=mm&r=g\",\"contentUrl\":\"https:\\\/\\\/secure.gravatar.com\\\/avatar\\\/1d4fe9198e176b59442a0d34bf3a2daa510b0ef5a486b5f2426c878139f72b99?s=96&d=mm&r=g\",\"caption\":\"Webmaster\"},\"url\":\"https:\\\/\\\/insightevents.se\\\/sarbehandlingssymposium\\\/author\\\/webmaster\\\/\"}]}<\/script>\n<!-- \/ Yoast SEO plugin. -->","yoast_head_json":{"title":"Nutricia \u2013 \u201dMan ska inte gl\u00f6mma vikten bakom n\u00e4ringen\u201d - S\u00e5rbehandlingssymposium","robots":{"index":"index","follow":"follow","max-snippet":"max-snippet:-1","max-image-preview":"max-image-preview:large","max-video-preview":"max-video-preview:-1"},"canonical":"https:\/\/insightevents.se\/sarbehandlingssymposium\/2025\/10\/15\/nutricia-man-ska-inte-glomma-vikten-bakom-naringen-2\/","og_locale":"sv_SE","og_type":"article","og_title":"Nutricia \u2013 \u201dMan ska inte gl\u00f6mma vikten bakom n\u00e4ringen\u201d - S\u00e5rbehandlingssymposium","og_description":"Under \u00e5rets S\u00e5rbehandlingssymposium var utst\u00e4llarna Nutricia p\u00e5 plats. Vi pratar lite med Nutricias \u00c5sa Grundstr\u00f6m om varf\u00f6r det \u00e4r s\u00e5 viktigt att diskutera n\u00e4ring i relation till s\u00e5rbehandling: \u201dDet \u00e4r en j\u00e4tteviktig del f\u00f6r att s\u00e5r ska kunna l\u00e4ka s\u00e5 snabbt och bra som m\u00f6jligt. En patient som exempelvis f\u00e5r i sig f\u00f6r lite energi, [&hellip;]","og_url":"https:\/\/insightevents.se\/sarbehandlingssymposium\/2025\/10\/15\/nutricia-man-ska-inte-glomma-vikten-bakom-naringen-2\/","og_site_name":"S\u00e5rbehandlingssymposium","article_published_time":"2025-10-15T07:47:54+00:00","og_image":[{"width":400,"height":400,"url":"https:\/\/insightevents.se\/sarbehandlingssymposium\/wp-content\/uploads\/sites\/14\/2025\/10\/nutricia-nyhetsbilds.png","type":"image\/png"}],"author":"Webmaster","twitter_card":"summary_large_image","twitter_misc":{"Skriven av":"Webmaster","Ber\u00e4knad l\u00e4stid":"2 minuter"},"schema":{"@context":"https:\/\/schema.org","@graph":[{"@type":"Article","@id":"https:\/\/insightevents.se\/sarbehandlingssymposium\/2025\/10\/15\/nutricia-man-ska-inte-glomma-vikten-bakom-naringen-2\/#article","isPartOf":{"@id":"https:\/\/insightevents.se\/sarbehandlingssymposium\/2025\/10\/15\/nutricia-man-ska-inte-glomma-vikten-bakom-naringen-2\/"},"author":{"name":"Webmaster","@id":"https:\/\/insightevents.se\/sarbehandlingssymposium\/#\/schema\/person\/b988a5292612382bfb32836eca66b90d"},"headline":"Nutricia \u2013 \u201dMan ska inte gl\u00f6mma vikten bakom n\u00e4ringen\u201d","datePublished":"2025-10-15T07:47:54+00:00","mainEntityOfPage":{"@id":"https:\/\/insightevents.se\/sarbehandlingssymposium\/2025\/10\/15\/nutricia-man-ska-inte-glomma-vikten-bakom-naringen-2\/"},"wordCount":304,"image":{"@id":"https:\/\/insightevents.se\/sarbehandlingssymposium\/2025\/10\/15\/nutricia-man-ska-inte-glomma-vikten-bakom-naringen-2\/#primaryimage"},"thumbnailUrl":"https:\/\/insightevents.se\/sarbehandlingssymposium\/wp-content\/uploads\/sites\/14\/2025\/10\/nutricia-nyhetsbilds.png","inLanguage":"sv-SE"},{"@type":"WebPage","@id":"https:\/\/insightevents.se\/sarbehandlingssymposium\/2025\/10\/15\/nutricia-man-ska-inte-glomma-vikten-bakom-naringen-2\/","url":"https:\/\/insightevents.se\/sarbehandlingssymposium\/2025\/10\/15\/nutricia-man-ska-inte-glomma-vikten-bakom-naringen-2\/","name":"Nutricia \u2013 \u201dMan ska inte gl\u00f6mma vikten bakom n\u00e4ringen\u201d - S\u00e5rbehandlingssymposium","isPartOf":{"@id":"https:\/\/insightevents.se\/sarbehandlingssymposium\/#website"},"primaryImageOfPage":{"@id":"https:\/\/insightevents.se\/sarbehandlingssymposium\/2025\/10\/15\/nutricia-man-ska-inte-glomma-vikten-bakom-naringen-2\/#primaryimage"},"image":{"@id":"https:\/\/insightevents.se\/sarbehandlingssymposium\/2025\/10\/15\/nutricia-man-ska-inte-glomma-vikten-bakom-naringen-2\/#primaryimage"},"thumbnailUrl":"https:\/\/insightevents.se\/sarbehandlingssymposium\/wp-content\/uploads\/sites\/14\/2025\/10\/nutricia-nyhetsbilds.png","datePublished":"2025-10-15T07:47:54+00:00","author":{"@id":"https:\/\/insightevents.se\/sarbehandlingssymposium\/#\/schema\/person\/b988a5292612382bfb32836eca66b90d"},"breadcrumb":{"@id":"https:\/\/insightevents.se\/sarbehandlingssymposium\/2025\/10\/15\/nutricia-man-ska-inte-glomma-vikten-bakom-naringen-2\/#breadcrumb"},"inLanguage":"sv-SE","potentialAction":[{"@type":"ReadAction","target":["https:\/\/insightevents.se\/sarbehandlingssymposium\/2025\/10\/15\/nutricia-man-ska-inte-glomma-vikten-bakom-naringen-2\/"]}]},{"@type":"ImageObject","inLanguage":"sv-SE","@id":"https:\/\/insightevents.se\/sarbehandlingssymposium\/2025\/10\/15\/nutricia-man-ska-inte-glomma-vikten-bakom-naringen-2\/#primaryimage","url":"https:\/\/insightevents.se\/sarbehandlingssymposium\/wp-content\/uploads\/sites\/14\/2025\/10\/nutricia-nyhetsbilds.png","contentUrl":"https:\/\/insightevents.se\/sarbehandlingssymposium\/wp-content\/uploads\/sites\/14\/2025\/10\/nutricia-nyhetsbilds.png","width":400,"height":400},{"@type":"BreadcrumbList","@id":"https:\/\/insightevents.se\/sarbehandlingssymposium\/2025\/10\/15\/nutricia-man-ska-inte-glomma-vikten-bakom-naringen-2\/#breadcrumb","itemListElement":[{"@type":"ListItem","position":1,"name":"Hem","item":"https:\/\/insightevents.se\/sarbehandlingssymposium\/"},{"@type":"ListItem","position":2,"name":"Nutricia \u2013 \u201dMan ska inte gl\u00f6mma vikten bakom n\u00e4ringen\u201d"}]},{"@type":"WebSite","@id":"https:\/\/insightevents.se\/sarbehandlingssymposium\/#website","url":"https:\/\/insightevents.se\/sarbehandlingssymposium\/","name":"S\u00e5rbehandlingssymposium","description":"","potentialAction":[{"@type":"SearchAction","target":{"@type":"EntryPoint","urlTemplate":"https:\/\/insightevents.se\/sarbehandlingssymposium\/?s={search_term_string}"},"query-input":{"@type":"PropertyValueSpecification","valueRequired":true,"valueName":"search_term_string"}}],"inLanguage":"sv-SE"},{"@type":"Person","@id":"https:\/\/insightevents.se\/sarbehandlingssymposium\/#\/schema\/person\/b988a5292612382bfb32836eca66b90d","name":"Webmaster","image":{"@type":"ImageObject","inLanguage":"sv-SE","@id":"https:\/\/secure.gravatar.com\/avatar\/1d4fe9198e176b59442a0d34bf3a2daa510b0ef5a486b5f2426c878139f72b99?s=96&d=mm&r=g","url":"https:\/\/secure.gravatar.com\/avatar\/1d4fe9198e176b59442a0d34bf3a2daa510b0ef5a486b5f2426c878139f72b99?s=96&d=mm&r=g","contentUrl":"https:\/\/secure.gravatar.com\/avatar\/1d4fe9198e176b59442a0d34bf3a2daa510b0ef5a486b5f2426c878139f72b99?s=96&d=mm&r=g","caption":"Webmaster"},"url":"https:\/\/insightevents.se\/sarbehandlingssymposium\/author\/webmaster\/"}]}},"_links":{"self":[{"href":"https:\/\/insightevents.se\/sarbehandlingssymposium\/wp-json\/wp\/v2\/posts\/1228","targetHints":{"allow":["GET"]}}],"collection":[{"href":"https:\/\/insightevents.se\/sarbehandlingssymposium\/wp-json\/wp\/v2\/posts"}],"about":[{"href":"https:\/\/insightevents.se\/sarbehandlingssymposium\/wp-json\/wp\/v2\/types\/post"}],"author":[{"embeddable":true,"href":"https:\/\/insightevents.se\/sarbehandlingssymposium\/wp-json\/wp\/v2\/users\/1"}],"replies":[{"embeddable":true,"href":"https:\/\/insightevents.se\/sarbehandlingssymposium\/wp-json\/wp\/v2\/comments?post=1228"}],"version-history":[{"count":2,"href":"https:\/\/insightevents.se\/sarbehandlingssymposium\/wp-json\/wp\/v2\/posts\/1228\/revisions"}],"predecessor-version":[{"id":1230,"href":"https:\/\/insightevents.se\/sarbehandlingssymposium\/wp-json\/wp\/v2\/posts\/1228\/revisions\/1230"}],"wp:featuredmedia":[{"embeddable":true,"href":"https:\/\/insightevents.se\/sarbehandlingssymposium\/wp-json\/wp\/v2\/media\/1218"}],"wp:attachment":[{"href":"https:\/\/insightevents.se\/sarbehandlingssymposium\/wp-json\/wp\/v2\/media?parent=1228"}],"wp:term":[{"taxonomy":"category","embeddable":true,"href":"https:\/\/insightevents.se\/sarbehandlingssymposium\/wp-json\/wp\/v2\/categories?post=1228"},{"taxonomy":"post_tag","embeddable":true,"href":"https:\/\/insightevents.se\/sarbehandlingssymposium\/wp-json\/wp\/v2\/tags?post=1228"}],"curies":[{"name":"wp","href":"https:\/\/api.w.org\/{rel}","templated":true}]}}