{"id":1237,"date":"2025-10-21T13:37:36","date_gmt":"2025-10-21T11:37:36","guid":{"rendered":"https:\/\/insightevents.se\/sarbehandlingssymposium\/?p=1237"},"modified":"2025-10-21T13:37:36","modified_gmt":"2025-10-21T11:37:36","slug":"rikssar-att-bygga-evidens-med-hjalp-av-rikssar","status":"publish","type":"post","link":"https:\/\/insightevents.se\/sarbehandlingssymposium\/2025\/10\/21\/rikssar-att-bygga-evidens-med-hjalp-av-rikssar\/","title":{"rendered":"RiksS\u00e5r &#8211; \u201dAtt bygga evidens med hj\u00e4lp av RiksS\u00e5r\u201d"},"content":{"rendered":"<p><strong><img loading=\"lazy\" decoding=\"async\" class=\"wp-image-1192 alignright\" src=\"https:\/\/insightevents.se\/sarbehandlingssymposium\/wp-content\/uploads\/sites\/14\/2025\/09\/DSC_0316.png\" alt=\"\" width=\"342\" height=\"233\" srcset=\"https:\/\/insightevents.se\/sarbehandlingssymposium\/wp-content\/uploads\/sites\/14\/2025\/09\/DSC_0316.png 1950w, https:\/\/insightevents.se\/sarbehandlingssymposium\/wp-content\/uploads\/sites\/14\/2025\/09\/DSC_0316-300x205.png 300w, https:\/\/insightevents.se\/sarbehandlingssymposium\/wp-content\/uploads\/sites\/14\/2025\/09\/DSC_0316-1024x698.png 1024w, https:\/\/insightevents.se\/sarbehandlingssymposium\/wp-content\/uploads\/sites\/14\/2025\/09\/DSC_0316-768x524.png 768w, https:\/\/insightevents.se\/sarbehandlingssymposium\/wp-content\/uploads\/sites\/14\/2025\/09\/DSC_0316-1536x1048.png 1536w, https:\/\/insightevents.se\/sarbehandlingssymposium\/wp-content\/uploads\/sites\/14\/2025\/09\/DSC_0316-1056x720.png 1056w\" sizes=\"auto, (max-width: 342px) 100vw, 342px\" \/><\/strong><strong><img loading=\"lazy\" decoding=\"async\" class=\"wp-image-1191 alignright\" src=\"https:\/\/insightevents.se\/sarbehandlingssymposium\/wp-content\/uploads\/sites\/14\/2025\/09\/DSC_0328.png\" alt=\"\" width=\"349\" height=\"232\" srcset=\"https:\/\/insightevents.se\/sarbehandlingssymposium\/wp-content\/uploads\/sites\/14\/2025\/09\/DSC_0328.png 2500w, https:\/\/insightevents.se\/sarbehandlingssymposium\/wp-content\/uploads\/sites\/14\/2025\/09\/DSC_0328-300x199.png 300w, https:\/\/insightevents.se\/sarbehandlingssymposium\/wp-content\/uploads\/sites\/14\/2025\/09\/DSC_0328-1024x681.png 1024w, https:\/\/insightevents.se\/sarbehandlingssymposium\/wp-content\/uploads\/sites\/14\/2025\/09\/DSC_0328-768x511.png 768w, https:\/\/insightevents.se\/sarbehandlingssymposium\/wp-content\/uploads\/sites\/14\/2025\/09\/DSC_0328-1536x1021.png 1536w, https:\/\/insightevents.se\/sarbehandlingssymposium\/wp-content\/uploads\/sites\/14\/2025\/09\/DSC_0328-2048x1362.png 2048w, https:\/\/insightevents.se\/sarbehandlingssymposium\/wp-content\/uploads\/sites\/14\/2025\/09\/DSC_0328-1083x720.png 1083w\" sizes=\"auto, (max-width: 349px) 100vw, 349px\" \/><\/strong><strong>Maria och Hanna fr\u00e5n RiksS\u00e5r f\u00e5r fr\u00e5gan kring vad RiksS\u00e5r \u00e4r \u2013 och jag ber dem ber\u00e4tta mer:<br \/>\n<\/strong> \u201dRiksS\u00e5r\u00a0\u00e4r ett nationellt kvalitetsregister\u201d f\u00f6rklarar Maria.<\/p>\n<p>Vi hj\u00e4lper enheter att f\u00f6lja upp sina kvalitetsm\u00e5tt, man kan ju s\u00e4ga att enheter svarar p\u00e5 fr\u00e5gor om sina patienter. Enheterna samlar information p\u00e5 en digital plattform och s\u00e5 kan de med hj\u00e4lp av den informationen skapa rapporter f\u00f6r att se hur det ser ut i sin verksamhet.\u201d<\/p>\n<p>Hanna fyller p\u00e5:<\/p>\n<p>\u2026f\u00f6rutom att vara ett kvalitetsregister, s\u00e5 erbjuder RiksS\u00e5r utbildningar och utbildningsmaterial, som f\u00f6ljer det nationella v\u00e5rdf\u00f6rloppet och v\u00e5rdprogrammet.<\/p>\n<p><strong><img loading=\"lazy\" decoding=\"async\" class=\"wp-image-1238 alignright\" src=\"https:\/\/insightevents.se\/sarbehandlingssymposium\/wp-content\/uploads\/sites\/14\/2025\/10\/rikssar-bild.png\" alt=\"\" width=\"453\" height=\"641\" srcset=\"https:\/\/insightevents.se\/sarbehandlingssymposium\/wp-content\/uploads\/sites\/14\/2025\/10\/rikssar-bild.png 2480w, https:\/\/insightevents.se\/sarbehandlingssymposium\/wp-content\/uploads\/sites\/14\/2025\/10\/rikssar-bild-212x300.png 212w, https:\/\/insightevents.se\/sarbehandlingssymposium\/wp-content\/uploads\/sites\/14\/2025\/10\/rikssar-bild-724x1024.png 724w, https:\/\/insightevents.se\/sarbehandlingssymposium\/wp-content\/uploads\/sites\/14\/2025\/10\/rikssar-bild-768x1086.png 768w, https:\/\/insightevents.se\/sarbehandlingssymposium\/wp-content\/uploads\/sites\/14\/2025\/10\/rikssar-bild-1086x1536.png 1086w, https:\/\/insightevents.se\/sarbehandlingssymposium\/wp-content\/uploads\/sites\/14\/2025\/10\/rikssar-bild-1448x2048.png 1448w, https:\/\/insightevents.se\/sarbehandlingssymposium\/wp-content\/uploads\/sites\/14\/2025\/10\/rikssar-bild-509x720.png 509w\" sizes=\"auto, (max-width: 453px) 100vw, 453px\" \/><\/strong><\/p>\n<p>Jag fr\u00e5gar om man kan se RiksS\u00e5r som ett verktyg f\u00f6r v\u00e5rden, Maria s\u00e4ger att det \u00e4r som ett uppf\u00f6ljningsverktyg och Hanna fyller p\u00e5:<\/p>\n<p>RiksS\u00e5r kan \u00e4ven vara ett verktyg f\u00f6r att f\u00e5 struktur i sin verksamhet. Genom att kunna se sina kvaliteter ser man \u00e4ven att \u2019oj, h\u00e4r finns en kunskapslucka\u2019, och d\u00e5 kan man g\u00f6ra n\u00e5got \u00e5t detta.<\/p>\n<p>Under er talarpunkt diskuterar ni basbehandling och behandling under sm\u00e4rta och infektion \u2013 vad t\u00e4nker ni \u00e4r viktigast att ta med sig fr\u00e5n detta som \u00e5h\u00f6rare? Maria forts\u00e4tter:<\/p>\n<p>Just utifr\u00e5n basbehandling, ja, men det \u00e4r v\u00e4l just att man ska vilja f\u00e5 med helheten, att det handlar inte bara om att l\u00e4gga om med ett f\u00f6rband, utan alla de andra delarna m\u00e5ste ocks\u00e5 vara med. Att vi faktiskt kan g\u00f6ra v\u00e4ldigt mycket f\u00f6r den h\u00e4r patientgruppen. Det \u00e4r s\u00e5 viktigt att man inte gl\u00f6mmer fr\u00e5ga om sm\u00e4rta, f\u00f6r att kunna behandla sm\u00e4rtan. Med RiksS\u00e5r ska man kunna k\u00e4nna sig trygg med att nu m\u00f6ter jag den h\u00e4r patienten som har det h\u00e4r bekymret och jag ska t\u00e4nka p\u00e5 de h\u00e4r punkterna\u2019.<\/p>\n<p>Vad tror ni blir relevant i framtiden i relation till s\u00e5rbehandling? Maria och Hanna svarar:<\/p>\n<p>Jag tror att det kommer att bli mer behandling utifr\u00e5n orsak, att man snabbare kommer fram till vad just det h\u00e4r s\u00e5ret beh\u00f6ver det h\u00e4r f\u00f6r att kunna l\u00e4ka. G\u00f6r man en bas\/grundbed\u00f6mning, kan man snabbare komma fram till r\u00e4tt diagnos, och mer specifika behandlingar. Nya innovativa behandlingar m\u00e5ste givetvis unders\u00f6kas och utv\u00e4rderas vetenskapligt fram\u00e5t.<\/p>\n","protected":false},"excerpt":{"rendered":"<p>Maria och Hanna fr\u00e5n RiksS\u00e5r f\u00e5r fr\u00e5gan kring vad RiksS\u00e5r \u00e4r \u2013 och jag ber dem ber\u00e4tta mer: \u201dRiksS\u00e5r\u00a0\u00e4r ett nationellt kvalitetsregister\u201d f\u00f6rklarar Maria. Vi hj\u00e4lper enheter att f\u00f6lja upp sina kvalitetsm\u00e5tt, man kan ju s\u00e4ga att enheter svarar p\u00e5 fr\u00e5gor om sina patienter. Enheterna samlar information p\u00e5 en digital plattform och s\u00e5 kan de [&hellip;]<\/p>\n","protected":false},"author":1,"featured_media":1241,"comment_status":"closed","ping_status":"open","sticky":false,"template":"","format":"standard","meta":{"_acf_changed":false,"footnotes":""},"categories":[1],"tags":[],"class_list":["post-1237","post","type-post","status-publish","format-standard","has-post-thumbnail","hentry","category-okategoriserade"],"acf":[],"yoast_head":"<!-- This site is optimized with the Yoast SEO plugin v27.3 - https:\/\/yoast.com\/product\/yoast-seo-wordpress\/ -->\n<title>RiksS\u00e5r - \u201dAtt bygga evidens med hj\u00e4lp av RiksS\u00e5r\u201d - S\u00e5rbehandlingssymposium<\/title>\n<meta name=\"robots\" content=\"index, follow, max-snippet:-1, max-image-preview:large, max-video-preview:-1\" \/>\n<link rel=\"canonical\" href=\"https:\/\/insightevents.se\/sarbehandlingssymposium\/2025\/10\/21\/rikssar-att-bygga-evidens-med-hjalp-av-rikssar\/\" \/>\n<meta property=\"og:locale\" content=\"sv_SE\" \/>\n<meta property=\"og:type\" content=\"article\" \/>\n<meta property=\"og:title\" content=\"RiksS\u00e5r - \u201dAtt bygga evidens med hj\u00e4lp av RiksS\u00e5r\u201d - S\u00e5rbehandlingssymposium\" \/>\n<meta property=\"og:description\" content=\"Maria och Hanna fr\u00e5n RiksS\u00e5r f\u00e5r fr\u00e5gan kring vad RiksS\u00e5r \u00e4r \u2013 och jag ber dem ber\u00e4tta mer: \u201dRiksS\u00e5r\u00a0\u00e4r ett nationellt kvalitetsregister\u201d f\u00f6rklarar Maria. Vi hj\u00e4lper enheter att f\u00f6lja upp sina kvalitetsm\u00e5tt, man kan ju s\u00e4ga att enheter svarar p\u00e5 fr\u00e5gor om sina patienter. Enheterna samlar information p\u00e5 en digital plattform och s\u00e5 kan de [&hellip;]\" \/>\n<meta property=\"og:url\" content=\"https:\/\/insightevents.se\/sarbehandlingssymposium\/2025\/10\/21\/rikssar-att-bygga-evidens-med-hjalp-av-rikssar\/\" \/>\n<meta property=\"og:site_name\" content=\"S\u00e5rbehandlingssymposium\" \/>\n<meta property=\"article:published_time\" content=\"2025-10-21T11:37:36+00:00\" \/>\n<meta property=\"og:image\" content=\"https:\/\/insightevents.se\/sarbehandlingssymposium\/wp-content\/uploads\/sites\/14\/2025\/10\/rikssar-nyhetsbild.png\" \/>\n\t<meta property=\"og:image:width\" content=\"400\" \/>\n\t<meta property=\"og:image:height\" content=\"400\" \/>\n\t<meta property=\"og:image:type\" content=\"image\/png\" \/>\n<meta name=\"author\" content=\"Webmaster\" \/>\n<meta name=\"twitter:card\" content=\"summary_large_image\" \/>\n<meta name=\"twitter:label1\" content=\"Skriven av\" \/>\n\t<meta name=\"twitter:data1\" content=\"Webmaster\" \/>\n\t<meta name=\"twitter:label2\" content=\"Ber\u00e4knad l\u00e4stid\" \/>\n\t<meta name=\"twitter:data2\" content=\"3 minuter\" \/>\n<script type=\"application\/ld+json\" class=\"yoast-schema-graph\">{\"@context\":\"https:\\\/\\\/schema.org\",\"@graph\":[{\"@type\":\"Article\",\"@id\":\"https:\\\/\\\/insightevents.se\\\/sarbehandlingssymposium\\\/2025\\\/10\\\/21\\\/rikssar-att-bygga-evidens-med-hjalp-av-rikssar\\\/#article\",\"isPartOf\":{\"@id\":\"https:\\\/\\\/insightevents.se\\\/sarbehandlingssymposium\\\/2025\\\/10\\\/21\\\/rikssar-att-bygga-evidens-med-hjalp-av-rikssar\\\/\"},\"author\":{\"name\":\"Webmaster\",\"@id\":\"https:\\\/\\\/insightevents.se\\\/sarbehandlingssymposium\\\/#\\\/schema\\\/person\\\/b988a5292612382bfb32836eca66b90d\"},\"headline\":\"RiksS\u00e5r &#8211; \u201dAtt bygga evidens med hj\u00e4lp av RiksS\u00e5r\u201d\",\"datePublished\":\"2025-10-21T11:37:36+00:00\",\"mainEntityOfPage\":{\"@id\":\"https:\\\/\\\/insightevents.se\\\/sarbehandlingssymposium\\\/2025\\\/10\\\/21\\\/rikssar-att-bygga-evidens-med-hjalp-av-rikssar\\\/\"},\"wordCount\":429,\"image\":{\"@id\":\"https:\\\/\\\/insightevents.se\\\/sarbehandlingssymposium\\\/2025\\\/10\\\/21\\\/rikssar-att-bygga-evidens-med-hjalp-av-rikssar\\\/#primaryimage\"},\"thumbnailUrl\":\"https:\\\/\\\/insightevents.se\\\/sarbehandlingssymposium\\\/wp-content\\\/uploads\\\/sites\\\/14\\\/2025\\\/10\\\/rikssar-nyhetsbild.png\",\"inLanguage\":\"sv-SE\"},{\"@type\":\"WebPage\",\"@id\":\"https:\\\/\\\/insightevents.se\\\/sarbehandlingssymposium\\\/2025\\\/10\\\/21\\\/rikssar-att-bygga-evidens-med-hjalp-av-rikssar\\\/\",\"url\":\"https:\\\/\\\/insightevents.se\\\/sarbehandlingssymposium\\\/2025\\\/10\\\/21\\\/rikssar-att-bygga-evidens-med-hjalp-av-rikssar\\\/\",\"name\":\"RiksS\u00e5r - \u201dAtt bygga evidens med hj\u00e4lp av RiksS\u00e5r\u201d - S\u00e5rbehandlingssymposium\",\"isPartOf\":{\"@id\":\"https:\\\/\\\/insightevents.se\\\/sarbehandlingssymposium\\\/#website\"},\"primaryImageOfPage\":{\"@id\":\"https:\\\/\\\/insightevents.se\\\/sarbehandlingssymposium\\\/2025\\\/10\\\/21\\\/rikssar-att-bygga-evidens-med-hjalp-av-rikssar\\\/#primaryimage\"},\"image\":{\"@id\":\"https:\\\/\\\/insightevents.se\\\/sarbehandlingssymposium\\\/2025\\\/10\\\/21\\\/rikssar-att-bygga-evidens-med-hjalp-av-rikssar\\\/#primaryimage\"},\"thumbnailUrl\":\"https:\\\/\\\/insightevents.se\\\/sarbehandlingssymposium\\\/wp-content\\\/uploads\\\/sites\\\/14\\\/2025\\\/10\\\/rikssar-nyhetsbild.png\",\"datePublished\":\"2025-10-21T11:37:36+00:00\",\"author\":{\"@id\":\"https:\\\/\\\/insightevents.se\\\/sarbehandlingssymposium\\\/#\\\/schema\\\/person\\\/b988a5292612382bfb32836eca66b90d\"},\"breadcrumb\":{\"@id\":\"https:\\\/\\\/insightevents.se\\\/sarbehandlingssymposium\\\/2025\\\/10\\\/21\\\/rikssar-att-bygga-evidens-med-hjalp-av-rikssar\\\/#breadcrumb\"},\"inLanguage\":\"sv-SE\",\"potentialAction\":[{\"@type\":\"ReadAction\",\"target\":[\"https:\\\/\\\/insightevents.se\\\/sarbehandlingssymposium\\\/2025\\\/10\\\/21\\\/rikssar-att-bygga-evidens-med-hjalp-av-rikssar\\\/\"]}]},{\"@type\":\"ImageObject\",\"inLanguage\":\"sv-SE\",\"@id\":\"https:\\\/\\\/insightevents.se\\\/sarbehandlingssymposium\\\/2025\\\/10\\\/21\\\/rikssar-att-bygga-evidens-med-hjalp-av-rikssar\\\/#primaryimage\",\"url\":\"https:\\\/\\\/insightevents.se\\\/sarbehandlingssymposium\\\/wp-content\\\/uploads\\\/sites\\\/14\\\/2025\\\/10\\\/rikssar-nyhetsbild.png\",\"contentUrl\":\"https:\\\/\\\/insightevents.se\\\/sarbehandlingssymposium\\\/wp-content\\\/uploads\\\/sites\\\/14\\\/2025\\\/10\\\/rikssar-nyhetsbild.png\",\"width\":400,\"height\":400},{\"@type\":\"BreadcrumbList\",\"@id\":\"https:\\\/\\\/insightevents.se\\\/sarbehandlingssymposium\\\/2025\\\/10\\\/21\\\/rikssar-att-bygga-evidens-med-hjalp-av-rikssar\\\/#breadcrumb\",\"itemListElement\":[{\"@type\":\"ListItem\",\"position\":1,\"name\":\"Hem\",\"item\":\"https:\\\/\\\/insightevents.se\\\/sarbehandlingssymposium\\\/\"},{\"@type\":\"ListItem\",\"position\":2,\"name\":\"RiksS\u00e5r &#8211; \u201dAtt bygga evidens med hj\u00e4lp av RiksS\u00e5r\u201d\"}]},{\"@type\":\"WebSite\",\"@id\":\"https:\\\/\\\/insightevents.se\\\/sarbehandlingssymposium\\\/#website\",\"url\":\"https:\\\/\\\/insightevents.se\\\/sarbehandlingssymposium\\\/\",\"name\":\"S\u00e5rbehandlingssymposium\",\"description\":\"\",\"potentialAction\":[{\"@type\":\"SearchAction\",\"target\":{\"@type\":\"EntryPoint\",\"urlTemplate\":\"https:\\\/\\\/insightevents.se\\\/sarbehandlingssymposium\\\/?s={search_term_string}\"},\"query-input\":{\"@type\":\"PropertyValueSpecification\",\"valueRequired\":true,\"valueName\":\"search_term_string\"}}],\"inLanguage\":\"sv-SE\"},{\"@type\":\"Person\",\"@id\":\"https:\\\/\\\/insightevents.se\\\/sarbehandlingssymposium\\\/#\\\/schema\\\/person\\\/b988a5292612382bfb32836eca66b90d\",\"name\":\"Webmaster\",\"image\":{\"@type\":\"ImageObject\",\"inLanguage\":\"sv-SE\",\"@id\":\"https:\\\/\\\/secure.gravatar.com\\\/avatar\\\/1d4fe9198e176b59442a0d34bf3a2daa510b0ef5a486b5f2426c878139f72b99?s=96&d=mm&r=g\",\"url\":\"https:\\\/\\\/secure.gravatar.com\\\/avatar\\\/1d4fe9198e176b59442a0d34bf3a2daa510b0ef5a486b5f2426c878139f72b99?s=96&d=mm&r=g\",\"contentUrl\":\"https:\\\/\\\/secure.gravatar.com\\\/avatar\\\/1d4fe9198e176b59442a0d34bf3a2daa510b0ef5a486b5f2426c878139f72b99?s=96&d=mm&r=g\",\"caption\":\"Webmaster\"},\"url\":\"https:\\\/\\\/insightevents.se\\\/sarbehandlingssymposium\\\/author\\\/webmaster\\\/\"}]}<\/script>\n<!-- \/ Yoast SEO plugin. -->","yoast_head_json":{"title":"RiksS\u00e5r - \u201dAtt bygga evidens med hj\u00e4lp av RiksS\u00e5r\u201d - S\u00e5rbehandlingssymposium","robots":{"index":"index","follow":"follow","max-snippet":"max-snippet:-1","max-image-preview":"max-image-preview:large","max-video-preview":"max-video-preview:-1"},"canonical":"https:\/\/insightevents.se\/sarbehandlingssymposium\/2025\/10\/21\/rikssar-att-bygga-evidens-med-hjalp-av-rikssar\/","og_locale":"sv_SE","og_type":"article","og_title":"RiksS\u00e5r - \u201dAtt bygga evidens med hj\u00e4lp av RiksS\u00e5r\u201d - S\u00e5rbehandlingssymposium","og_description":"Maria och Hanna fr\u00e5n RiksS\u00e5r f\u00e5r fr\u00e5gan kring vad RiksS\u00e5r \u00e4r \u2013 och jag ber dem ber\u00e4tta mer: \u201dRiksS\u00e5r\u00a0\u00e4r ett nationellt kvalitetsregister\u201d f\u00f6rklarar Maria. Vi hj\u00e4lper enheter att f\u00f6lja upp sina kvalitetsm\u00e5tt, man kan ju s\u00e4ga att enheter svarar p\u00e5 fr\u00e5gor om sina patienter. Enheterna samlar information p\u00e5 en digital plattform och s\u00e5 kan de [&hellip;]","og_url":"https:\/\/insightevents.se\/sarbehandlingssymposium\/2025\/10\/21\/rikssar-att-bygga-evidens-med-hjalp-av-rikssar\/","og_site_name":"S\u00e5rbehandlingssymposium","article_published_time":"2025-10-21T11:37:36+00:00","og_image":[{"width":400,"height":400,"url":"https:\/\/insightevents.se\/sarbehandlingssymposium\/wp-content\/uploads\/sites\/14\/2025\/10\/rikssar-nyhetsbild.png","type":"image\/png"}],"author":"Webmaster","twitter_card":"summary_large_image","twitter_misc":{"Skriven av":"Webmaster","Ber\u00e4knad l\u00e4stid":"3 minuter"},"schema":{"@context":"https:\/\/schema.org","@graph":[{"@type":"Article","@id":"https:\/\/insightevents.se\/sarbehandlingssymposium\/2025\/10\/21\/rikssar-att-bygga-evidens-med-hjalp-av-rikssar\/#article","isPartOf":{"@id":"https:\/\/insightevents.se\/sarbehandlingssymposium\/2025\/10\/21\/rikssar-att-bygga-evidens-med-hjalp-av-rikssar\/"},"author":{"name":"Webmaster","@id":"https:\/\/insightevents.se\/sarbehandlingssymposium\/#\/schema\/person\/b988a5292612382bfb32836eca66b90d"},"headline":"RiksS\u00e5r &#8211; \u201dAtt bygga evidens med hj\u00e4lp av RiksS\u00e5r\u201d","datePublished":"2025-10-21T11:37:36+00:00","mainEntityOfPage":{"@id":"https:\/\/insightevents.se\/sarbehandlingssymposium\/2025\/10\/21\/rikssar-att-bygga-evidens-med-hjalp-av-rikssar\/"},"wordCount":429,"image":{"@id":"https:\/\/insightevents.se\/sarbehandlingssymposium\/2025\/10\/21\/rikssar-att-bygga-evidens-med-hjalp-av-rikssar\/#primaryimage"},"thumbnailUrl":"https:\/\/insightevents.se\/sarbehandlingssymposium\/wp-content\/uploads\/sites\/14\/2025\/10\/rikssar-nyhetsbild.png","inLanguage":"sv-SE"},{"@type":"WebPage","@id":"https:\/\/insightevents.se\/sarbehandlingssymposium\/2025\/10\/21\/rikssar-att-bygga-evidens-med-hjalp-av-rikssar\/","url":"https:\/\/insightevents.se\/sarbehandlingssymposium\/2025\/10\/21\/rikssar-att-bygga-evidens-med-hjalp-av-rikssar\/","name":"RiksS\u00e5r - \u201dAtt bygga evidens med hj\u00e4lp av RiksS\u00e5r\u201d - S\u00e5rbehandlingssymposium","isPartOf":{"@id":"https:\/\/insightevents.se\/sarbehandlingssymposium\/#website"},"primaryImageOfPage":{"@id":"https:\/\/insightevents.se\/sarbehandlingssymposium\/2025\/10\/21\/rikssar-att-bygga-evidens-med-hjalp-av-rikssar\/#primaryimage"},"image":{"@id":"https:\/\/insightevents.se\/sarbehandlingssymposium\/2025\/10\/21\/rikssar-att-bygga-evidens-med-hjalp-av-rikssar\/#primaryimage"},"thumbnailUrl":"https:\/\/insightevents.se\/sarbehandlingssymposium\/wp-content\/uploads\/sites\/14\/2025\/10\/rikssar-nyhetsbild.png","datePublished":"2025-10-21T11:37:36+00:00","author":{"@id":"https:\/\/insightevents.se\/sarbehandlingssymposium\/#\/schema\/person\/b988a5292612382bfb32836eca66b90d"},"breadcrumb":{"@id":"https:\/\/insightevents.se\/sarbehandlingssymposium\/2025\/10\/21\/rikssar-att-bygga-evidens-med-hjalp-av-rikssar\/#breadcrumb"},"inLanguage":"sv-SE","potentialAction":[{"@type":"ReadAction","target":["https:\/\/insightevents.se\/sarbehandlingssymposium\/2025\/10\/21\/rikssar-att-bygga-evidens-med-hjalp-av-rikssar\/"]}]},{"@type":"ImageObject","inLanguage":"sv-SE","@id":"https:\/\/insightevents.se\/sarbehandlingssymposium\/2025\/10\/21\/rikssar-att-bygga-evidens-med-hjalp-av-rikssar\/#primaryimage","url":"https:\/\/insightevents.se\/sarbehandlingssymposium\/wp-content\/uploads\/sites\/14\/2025\/10\/rikssar-nyhetsbild.png","contentUrl":"https:\/\/insightevents.se\/sarbehandlingssymposium\/wp-content\/uploads\/sites\/14\/2025\/10\/rikssar-nyhetsbild.png","width":400,"height":400},{"@type":"BreadcrumbList","@id":"https:\/\/insightevents.se\/sarbehandlingssymposium\/2025\/10\/21\/rikssar-att-bygga-evidens-med-hjalp-av-rikssar\/#breadcrumb","itemListElement":[{"@type":"ListItem","position":1,"name":"Hem","item":"https:\/\/insightevents.se\/sarbehandlingssymposium\/"},{"@type":"ListItem","position":2,"name":"RiksS\u00e5r &#8211; \u201dAtt bygga evidens med hj\u00e4lp av RiksS\u00e5r\u201d"}]},{"@type":"WebSite","@id":"https:\/\/insightevents.se\/sarbehandlingssymposium\/#website","url":"https:\/\/insightevents.se\/sarbehandlingssymposium\/","name":"S\u00e5rbehandlingssymposium","description":"","potentialAction":[{"@type":"SearchAction","target":{"@type":"EntryPoint","urlTemplate":"https:\/\/insightevents.se\/sarbehandlingssymposium\/?s={search_term_string}"},"query-input":{"@type":"PropertyValueSpecification","valueRequired":true,"valueName":"search_term_string"}}],"inLanguage":"sv-SE"},{"@type":"Person","@id":"https:\/\/insightevents.se\/sarbehandlingssymposium\/#\/schema\/person\/b988a5292612382bfb32836eca66b90d","name":"Webmaster","image":{"@type":"ImageObject","inLanguage":"sv-SE","@id":"https:\/\/secure.gravatar.com\/avatar\/1d4fe9198e176b59442a0d34bf3a2daa510b0ef5a486b5f2426c878139f72b99?s=96&d=mm&r=g","url":"https:\/\/secure.gravatar.com\/avatar\/1d4fe9198e176b59442a0d34bf3a2daa510b0ef5a486b5f2426c878139f72b99?s=96&d=mm&r=g","contentUrl":"https:\/\/secure.gravatar.com\/avatar\/1d4fe9198e176b59442a0d34bf3a2daa510b0ef5a486b5f2426c878139f72b99?s=96&d=mm&r=g","caption":"Webmaster"},"url":"https:\/\/insightevents.se\/sarbehandlingssymposium\/author\/webmaster\/"}]}},"_links":{"self":[{"href":"https:\/\/insightevents.se\/sarbehandlingssymposium\/wp-json\/wp\/v2\/posts\/1237","targetHints":{"allow":["GET"]}}],"collection":[{"href":"https:\/\/insightevents.se\/sarbehandlingssymposium\/wp-json\/wp\/v2\/posts"}],"about":[{"href":"https:\/\/insightevents.se\/sarbehandlingssymposium\/wp-json\/wp\/v2\/types\/post"}],"author":[{"embeddable":true,"href":"https:\/\/insightevents.se\/sarbehandlingssymposium\/wp-json\/wp\/v2\/users\/1"}],"replies":[{"embeddable":true,"href":"https:\/\/insightevents.se\/sarbehandlingssymposium\/wp-json\/wp\/v2\/comments?post=1237"}],"version-history":[{"count":3,"href":"https:\/\/insightevents.se\/sarbehandlingssymposium\/wp-json\/wp\/v2\/posts\/1237\/revisions"}],"predecessor-version":[{"id":1242,"href":"https:\/\/insightevents.se\/sarbehandlingssymposium\/wp-json\/wp\/v2\/posts\/1237\/revisions\/1242"}],"wp:featuredmedia":[{"embeddable":true,"href":"https:\/\/insightevents.se\/sarbehandlingssymposium\/wp-json\/wp\/v2\/media\/1241"}],"wp:attachment":[{"href":"https:\/\/insightevents.se\/sarbehandlingssymposium\/wp-json\/wp\/v2\/media?parent=1237"}],"wp:term":[{"taxonomy":"category","embeddable":true,"href":"https:\/\/insightevents.se\/sarbehandlingssymposium\/wp-json\/wp\/v2\/categories?post=1237"},{"taxonomy":"post_tag","embeddable":true,"href":"https:\/\/insightevents.se\/sarbehandlingssymposium\/wp-json\/wp\/v2\/tags?post=1237"}],"curies":[{"name":"wp","href":"https:\/\/api.w.org\/{rel}","templated":true}]}}