{"id":1304,"date":"2026-04-21T14:50:49","date_gmt":"2026-04-21T12:50:49","guid":{"rendered":"https:\/\/insightevents.se\/sarbehandlingssymposium\/?p=1304"},"modified":"2026-04-21T14:50:49","modified_gmt":"2026-04-21T12:50:49","slug":"premiar-pa-konferensen-vi-lanserar-arets-sarteam-saratgard-2026","status":"publish","type":"post","link":"https:\/\/insightevents.se\/sarbehandlingssymposium\/2026\/04\/21\/premiar-pa-konferensen-vi-lanserar-arets-sarteam-saratgard-2026\/","title":{"rendered":"Premi\u00e4r p\u00e5 konferensen \u2013 vi lanserar \u00c5rets S\u00e5rteam \/ S\u00e5r\u00e5tg\u00e4rd 2026!"},"content":{"rendered":"<p>Vi \u00e4r stolta \u00f6ver att presentera en sp\u00e4nnande nyhet p\u00e5 \u00e5rets konferens! Var med n\u00e4r vi lyfter fram <strong>\u00c5rets S\u00e5rteam \/ S\u00e5r\u00e5tg\u00e4rd 2026<\/strong> \u2013 en utm\u00e4rkelse som hyllar engagemang, innovation och patientn\u00e4ra f\u00f6rb\u00e4ttringsarbete inom s\u00e5rv\u00e5rd.<\/p>\n<p>Under konferensen kommer vinnarna att presenteras och uppm\u00e4rksammas inf\u00f6r branschkollegor fr\u00e5n hela landet. Utm\u00e4rkelsen syftar till att synligg\u00f6ra goda exempel, inspirera till utveckling och sprida kunskap om framg\u00e5ngsrika arbetss\u00e4tt som g\u00f6r verklig skillnad f\u00f6r patienter.<\/p>\n<p>&nbsp;<\/p>\n<p><strong>Nominera ert s\u00e5rteam eller en s\u00e5r\u00e5tg\u00e4rd som ni \u00e4r s\u00e4rskilt stolta \u00f6ver!<\/strong><br \/>\nAlla verksamheter med ett starkt engagemang f\u00f6r s\u00e5rv\u00e5rd \u00e4r v\u00e4lkomna att delta.<\/p>\n<p><strong>Bidrag skickas in till:<\/strong> <a href=\"mailto:josefine.lindblad@insightevents.se\">josefine.lindblad@insightevents.se<\/a><br \/>\n<strong>Sista datum f\u00f6r nominering:<\/strong> 31 augusti<\/p>\n<p>&nbsp;<\/p>\n<p>En <strong>jury best\u00e5ende av representanter fr\u00e5n Centrum f\u00f6r Kunskapsutveckling samt dedikerade s\u00e5rexperter<\/strong> kommer att granska bidragen och utse vinnarna.<\/p>\n<p>Tillsammans vill vi fira det viktiga arbete som ni g\u00f6r varje dag \u2013 och inspirera till \u00e4nnu b\u00e4ttre s\u00e5rv\u00e5rd i framtiden.<\/p>\n<p>Varmt v\u00e4lkommen att nominera och vara en del av denna premi\u00e4r!<\/p>\n","protected":false},"excerpt":{"rendered":"<p>Vi \u00e4r stolta \u00f6ver att presentera en sp\u00e4nnande nyhet p\u00e5 \u00e5rets konferens! Var med n\u00e4r vi lyfter fram \u00c5rets S\u00e5rteam \/ S\u00e5r\u00e5tg\u00e4rd 2026 \u2013 en utm\u00e4rkelse som hyllar engagemang, innovation och patientn\u00e4ra f\u00f6rb\u00e4ttringsarbete inom s\u00e5rv\u00e5rd. Under konferensen kommer vinnarna att presenteras och uppm\u00e4rksammas inf\u00f6r branschkollegor fr\u00e5n hela landet. Utm\u00e4rkelsen syftar till att synligg\u00f6ra goda exempel, [&hellip;]<\/p>\n","protected":false},"author":1,"featured_media":1305,"comment_status":"closed","ping_status":"open","sticky":false,"template":"","format":"standard","meta":{"_acf_changed":false,"footnotes":""},"categories":[1],"tags":[],"class_list":["post-1304","post","type-post","status-publish","format-standard","has-post-thumbnail","hentry","category-okategoriserade"],"acf":[],"yoast_head":"<!-- This site is optimized with the Yoast SEO plugin v27.3 - https:\/\/yoast.com\/product\/yoast-seo-wordpress\/ -->\n<title>Premi\u00e4r p\u00e5 konferensen \u2013 vi lanserar \u00c5rets S\u00e5rteam \/ S\u00e5r\u00e5tg\u00e4rd 2026! - S\u00e5rbehandlingssymposium<\/title>\n<meta name=\"robots\" content=\"index, follow, max-snippet:-1, max-image-preview:large, max-video-preview:-1\" \/>\n<link rel=\"canonical\" href=\"https:\/\/insightevents.se\/sarbehandlingssymposium\/2026\/04\/21\/premiar-pa-konferensen-vi-lanserar-arets-sarteam-saratgard-2026\/\" \/>\n<meta property=\"og:locale\" content=\"sv_SE\" \/>\n<meta property=\"og:type\" content=\"article\" \/>\n<meta property=\"og:title\" content=\"Premi\u00e4r p\u00e5 konferensen \u2013 vi lanserar \u00c5rets S\u00e5rteam \/ S\u00e5r\u00e5tg\u00e4rd 2026! - S\u00e5rbehandlingssymposium\" \/>\n<meta property=\"og:description\" content=\"Vi \u00e4r stolta \u00f6ver att presentera en sp\u00e4nnande nyhet p\u00e5 \u00e5rets konferens! Var med n\u00e4r vi lyfter fram \u00c5rets S\u00e5rteam \/ S\u00e5r\u00e5tg\u00e4rd 2026 \u2013 en utm\u00e4rkelse som hyllar engagemang, innovation och patientn\u00e4ra f\u00f6rb\u00e4ttringsarbete inom s\u00e5rv\u00e5rd. Under konferensen kommer vinnarna att presenteras och uppm\u00e4rksammas inf\u00f6r branschkollegor fr\u00e5n hela landet. Utm\u00e4rkelsen syftar till att synligg\u00f6ra goda exempel, [&hellip;]\" \/>\n<meta property=\"og:url\" content=\"https:\/\/insightevents.se\/sarbehandlingssymposium\/2026\/04\/21\/premiar-pa-konferensen-vi-lanserar-arets-sarteam-saratgard-2026\/\" \/>\n<meta property=\"og:site_name\" content=\"S\u00e5rbehandlingssymposium\" \/>\n<meta property=\"article:published_time\" content=\"2026-04-21T12:50:49+00:00\" \/>\n<meta property=\"og:image\" content=\"https:\/\/insightevents.se\/sarbehandlingssymposium\/wp-content\/uploads\/sites\/14\/2026\/04\/nyhetsbild-3.jpg\" \/>\n\t<meta property=\"og:image:width\" content=\"1667\" \/>\n\t<meta property=\"og:image:height\" content=\"1667\" \/>\n\t<meta property=\"og:image:type\" content=\"image\/jpeg\" \/>\n<meta name=\"author\" content=\"Webmaster\" \/>\n<meta name=\"twitter:card\" content=\"summary_large_image\" \/>\n<meta name=\"twitter:label1\" content=\"Skriven av\" \/>\n\t<meta name=\"twitter:data1\" content=\"Webmaster\" \/>\n\t<meta name=\"twitter:label2\" content=\"Ber\u00e4knad l\u00e4stid\" \/>\n\t<meta name=\"twitter:data2\" content=\"1 minut\" \/>\n<script type=\"application\/ld+json\" class=\"yoast-schema-graph\">{\"@context\":\"https:\\\/\\\/schema.org\",\"@graph\":[{\"@type\":\"Article\",\"@id\":\"https:\\\/\\\/insightevents.se\\\/sarbehandlingssymposium\\\/2026\\\/04\\\/21\\\/premiar-pa-konferensen-vi-lanserar-arets-sarteam-saratgard-2026\\\/#article\",\"isPartOf\":{\"@id\":\"https:\\\/\\\/insightevents.se\\\/sarbehandlingssymposium\\\/2026\\\/04\\\/21\\\/premiar-pa-konferensen-vi-lanserar-arets-sarteam-saratgard-2026\\\/\"},\"author\":{\"name\":\"Webmaster\",\"@id\":\"https:\\\/\\\/insightevents.se\\\/sarbehandlingssymposium\\\/#\\\/schema\\\/person\\\/b988a5292612382bfb32836eca66b90d\"},\"headline\":\"Premi\u00e4r p\u00e5 konferensen \u2013 vi lanserar \u00c5rets S\u00e5rteam \\\/ S\u00e5r\u00e5tg\u00e4rd 2026!\",\"datePublished\":\"2026-04-21T12:50:49+00:00\",\"mainEntityOfPage\":{\"@id\":\"https:\\\/\\\/insightevents.se\\\/sarbehandlingssymposium\\\/2026\\\/04\\\/21\\\/premiar-pa-konferensen-vi-lanserar-arets-sarteam-saratgard-2026\\\/\"},\"wordCount\":210,\"image\":{\"@id\":\"https:\\\/\\\/insightevents.se\\\/sarbehandlingssymposium\\\/2026\\\/04\\\/21\\\/premiar-pa-konferensen-vi-lanserar-arets-sarteam-saratgard-2026\\\/#primaryimage\"},\"thumbnailUrl\":\"https:\\\/\\\/insightevents.se\\\/sarbehandlingssymposium\\\/wp-content\\\/uploads\\\/sites\\\/14\\\/2026\\\/04\\\/nyhetsbild-3.jpg\",\"inLanguage\":\"sv-SE\"},{\"@type\":\"WebPage\",\"@id\":\"https:\\\/\\\/insightevents.se\\\/sarbehandlingssymposium\\\/2026\\\/04\\\/21\\\/premiar-pa-konferensen-vi-lanserar-arets-sarteam-saratgard-2026\\\/\",\"url\":\"https:\\\/\\\/insightevents.se\\\/sarbehandlingssymposium\\\/2026\\\/04\\\/21\\\/premiar-pa-konferensen-vi-lanserar-arets-sarteam-saratgard-2026\\\/\",\"name\":\"Premi\u00e4r p\u00e5 konferensen \u2013 vi lanserar \u00c5rets S\u00e5rteam \\\/ S\u00e5r\u00e5tg\u00e4rd 2026! - S\u00e5rbehandlingssymposium\",\"isPartOf\":{\"@id\":\"https:\\\/\\\/insightevents.se\\\/sarbehandlingssymposium\\\/#website\"},\"primaryImageOfPage\":{\"@id\":\"https:\\\/\\\/insightevents.se\\\/sarbehandlingssymposium\\\/2026\\\/04\\\/21\\\/premiar-pa-konferensen-vi-lanserar-arets-sarteam-saratgard-2026\\\/#primaryimage\"},\"image\":{\"@id\":\"https:\\\/\\\/insightevents.se\\\/sarbehandlingssymposium\\\/2026\\\/04\\\/21\\\/premiar-pa-konferensen-vi-lanserar-arets-sarteam-saratgard-2026\\\/#primaryimage\"},\"thumbnailUrl\":\"https:\\\/\\\/insightevents.se\\\/sarbehandlingssymposium\\\/wp-content\\\/uploads\\\/sites\\\/14\\\/2026\\\/04\\\/nyhetsbild-3.jpg\",\"datePublished\":\"2026-04-21T12:50:49+00:00\",\"author\":{\"@id\":\"https:\\\/\\\/insightevents.se\\\/sarbehandlingssymposium\\\/#\\\/schema\\\/person\\\/b988a5292612382bfb32836eca66b90d\"},\"breadcrumb\":{\"@id\":\"https:\\\/\\\/insightevents.se\\\/sarbehandlingssymposium\\\/2026\\\/04\\\/21\\\/premiar-pa-konferensen-vi-lanserar-arets-sarteam-saratgard-2026\\\/#breadcrumb\"},\"inLanguage\":\"sv-SE\",\"potentialAction\":[{\"@type\":\"ReadAction\",\"target\":[\"https:\\\/\\\/insightevents.se\\\/sarbehandlingssymposium\\\/2026\\\/04\\\/21\\\/premiar-pa-konferensen-vi-lanserar-arets-sarteam-saratgard-2026\\\/\"]}]},{\"@type\":\"ImageObject\",\"inLanguage\":\"sv-SE\",\"@id\":\"https:\\\/\\\/insightevents.se\\\/sarbehandlingssymposium\\\/2026\\\/04\\\/21\\\/premiar-pa-konferensen-vi-lanserar-arets-sarteam-saratgard-2026\\\/#primaryimage\",\"url\":\"https:\\\/\\\/insightevents.se\\\/sarbehandlingssymposium\\\/wp-content\\\/uploads\\\/sites\\\/14\\\/2026\\\/04\\\/nyhetsbild-3.jpg\",\"contentUrl\":\"https:\\\/\\\/insightevents.se\\\/sarbehandlingssymposium\\\/wp-content\\\/uploads\\\/sites\\\/14\\\/2026\\\/04\\\/nyhetsbild-3.jpg\",\"width\":1667,\"height\":1667},{\"@type\":\"BreadcrumbList\",\"@id\":\"https:\\\/\\\/insightevents.se\\\/sarbehandlingssymposium\\\/2026\\\/04\\\/21\\\/premiar-pa-konferensen-vi-lanserar-arets-sarteam-saratgard-2026\\\/#breadcrumb\",\"itemListElement\":[{\"@type\":\"ListItem\",\"position\":1,\"name\":\"Hem\",\"item\":\"https:\\\/\\\/insightevents.se\\\/sarbehandlingssymposium\\\/\"},{\"@type\":\"ListItem\",\"position\":2,\"name\":\"Premi\u00e4r p\u00e5 konferensen \u2013 vi lanserar \u00c5rets S\u00e5rteam \\\/ S\u00e5r\u00e5tg\u00e4rd 2026!\"}]},{\"@type\":\"WebSite\",\"@id\":\"https:\\\/\\\/insightevents.se\\\/sarbehandlingssymposium\\\/#website\",\"url\":\"https:\\\/\\\/insightevents.se\\\/sarbehandlingssymposium\\\/\",\"name\":\"S\u00e5rbehandlingssymposium\",\"description\":\"\",\"potentialAction\":[{\"@type\":\"SearchAction\",\"target\":{\"@type\":\"EntryPoint\",\"urlTemplate\":\"https:\\\/\\\/insightevents.se\\\/sarbehandlingssymposium\\\/?s={search_term_string}\"},\"query-input\":{\"@type\":\"PropertyValueSpecification\",\"valueRequired\":true,\"valueName\":\"search_term_string\"}}],\"inLanguage\":\"sv-SE\"},{\"@type\":\"Person\",\"@id\":\"https:\\\/\\\/insightevents.se\\\/sarbehandlingssymposium\\\/#\\\/schema\\\/person\\\/b988a5292612382bfb32836eca66b90d\",\"name\":\"Webmaster\",\"image\":{\"@type\":\"ImageObject\",\"inLanguage\":\"sv-SE\",\"@id\":\"https:\\\/\\\/secure.gravatar.com\\\/avatar\\\/1d4fe9198e176b59442a0d34bf3a2daa510b0ef5a486b5f2426c878139f72b99?s=96&d=mm&r=g\",\"url\":\"https:\\\/\\\/secure.gravatar.com\\\/avatar\\\/1d4fe9198e176b59442a0d34bf3a2daa510b0ef5a486b5f2426c878139f72b99?s=96&d=mm&r=g\",\"contentUrl\":\"https:\\\/\\\/secure.gravatar.com\\\/avatar\\\/1d4fe9198e176b59442a0d34bf3a2daa510b0ef5a486b5f2426c878139f72b99?s=96&d=mm&r=g\",\"caption\":\"Webmaster\"},\"url\":\"https:\\\/\\\/insightevents.se\\\/sarbehandlingssymposium\\\/author\\\/webmaster\\\/\"}]}<\/script>\n<!-- \/ Yoast SEO plugin. -->","yoast_head_json":{"title":"Premi\u00e4r p\u00e5 konferensen \u2013 vi lanserar \u00c5rets S\u00e5rteam \/ S\u00e5r\u00e5tg\u00e4rd 2026! - S\u00e5rbehandlingssymposium","robots":{"index":"index","follow":"follow","max-snippet":"max-snippet:-1","max-image-preview":"max-image-preview:large","max-video-preview":"max-video-preview:-1"},"canonical":"https:\/\/insightevents.se\/sarbehandlingssymposium\/2026\/04\/21\/premiar-pa-konferensen-vi-lanserar-arets-sarteam-saratgard-2026\/","og_locale":"sv_SE","og_type":"article","og_title":"Premi\u00e4r p\u00e5 konferensen \u2013 vi lanserar \u00c5rets S\u00e5rteam \/ S\u00e5r\u00e5tg\u00e4rd 2026! - S\u00e5rbehandlingssymposium","og_description":"Vi \u00e4r stolta \u00f6ver att presentera en sp\u00e4nnande nyhet p\u00e5 \u00e5rets konferens! Var med n\u00e4r vi lyfter fram \u00c5rets S\u00e5rteam \/ S\u00e5r\u00e5tg\u00e4rd 2026 \u2013 en utm\u00e4rkelse som hyllar engagemang, innovation och patientn\u00e4ra f\u00f6rb\u00e4ttringsarbete inom s\u00e5rv\u00e5rd. Under konferensen kommer vinnarna att presenteras och uppm\u00e4rksammas inf\u00f6r branschkollegor fr\u00e5n hela landet. Utm\u00e4rkelsen syftar till att synligg\u00f6ra goda exempel, [&hellip;]","og_url":"https:\/\/insightevents.se\/sarbehandlingssymposium\/2026\/04\/21\/premiar-pa-konferensen-vi-lanserar-arets-sarteam-saratgard-2026\/","og_site_name":"S\u00e5rbehandlingssymposium","article_published_time":"2026-04-21T12:50:49+00:00","og_image":[{"width":1667,"height":1667,"url":"https:\/\/insightevents.se\/sarbehandlingssymposium\/wp-content\/uploads\/sites\/14\/2026\/04\/nyhetsbild-3.jpg","type":"image\/jpeg"}],"author":"Webmaster","twitter_card":"summary_large_image","twitter_misc":{"Skriven av":"Webmaster","Ber\u00e4knad l\u00e4stid":"1 minut"},"schema":{"@context":"https:\/\/schema.org","@graph":[{"@type":"Article","@id":"https:\/\/insightevents.se\/sarbehandlingssymposium\/2026\/04\/21\/premiar-pa-konferensen-vi-lanserar-arets-sarteam-saratgard-2026\/#article","isPartOf":{"@id":"https:\/\/insightevents.se\/sarbehandlingssymposium\/2026\/04\/21\/premiar-pa-konferensen-vi-lanserar-arets-sarteam-saratgard-2026\/"},"author":{"name":"Webmaster","@id":"https:\/\/insightevents.se\/sarbehandlingssymposium\/#\/schema\/person\/b988a5292612382bfb32836eca66b90d"},"headline":"Premi\u00e4r p\u00e5 konferensen \u2013 vi lanserar \u00c5rets S\u00e5rteam \/ S\u00e5r\u00e5tg\u00e4rd 2026!","datePublished":"2026-04-21T12:50:49+00:00","mainEntityOfPage":{"@id":"https:\/\/insightevents.se\/sarbehandlingssymposium\/2026\/04\/21\/premiar-pa-konferensen-vi-lanserar-arets-sarteam-saratgard-2026\/"},"wordCount":210,"image":{"@id":"https:\/\/insightevents.se\/sarbehandlingssymposium\/2026\/04\/21\/premiar-pa-konferensen-vi-lanserar-arets-sarteam-saratgard-2026\/#primaryimage"},"thumbnailUrl":"https:\/\/insightevents.se\/sarbehandlingssymposium\/wp-content\/uploads\/sites\/14\/2026\/04\/nyhetsbild-3.jpg","inLanguage":"sv-SE"},{"@type":"WebPage","@id":"https:\/\/insightevents.se\/sarbehandlingssymposium\/2026\/04\/21\/premiar-pa-konferensen-vi-lanserar-arets-sarteam-saratgard-2026\/","url":"https:\/\/insightevents.se\/sarbehandlingssymposium\/2026\/04\/21\/premiar-pa-konferensen-vi-lanserar-arets-sarteam-saratgard-2026\/","name":"Premi\u00e4r p\u00e5 konferensen \u2013 vi lanserar \u00c5rets S\u00e5rteam \/ S\u00e5r\u00e5tg\u00e4rd 2026! - S\u00e5rbehandlingssymposium","isPartOf":{"@id":"https:\/\/insightevents.se\/sarbehandlingssymposium\/#website"},"primaryImageOfPage":{"@id":"https:\/\/insightevents.se\/sarbehandlingssymposium\/2026\/04\/21\/premiar-pa-konferensen-vi-lanserar-arets-sarteam-saratgard-2026\/#primaryimage"},"image":{"@id":"https:\/\/insightevents.se\/sarbehandlingssymposium\/2026\/04\/21\/premiar-pa-konferensen-vi-lanserar-arets-sarteam-saratgard-2026\/#primaryimage"},"thumbnailUrl":"https:\/\/insightevents.se\/sarbehandlingssymposium\/wp-content\/uploads\/sites\/14\/2026\/04\/nyhetsbild-3.jpg","datePublished":"2026-04-21T12:50:49+00:00","author":{"@id":"https:\/\/insightevents.se\/sarbehandlingssymposium\/#\/schema\/person\/b988a5292612382bfb32836eca66b90d"},"breadcrumb":{"@id":"https:\/\/insightevents.se\/sarbehandlingssymposium\/2026\/04\/21\/premiar-pa-konferensen-vi-lanserar-arets-sarteam-saratgard-2026\/#breadcrumb"},"inLanguage":"sv-SE","potentialAction":[{"@type":"ReadAction","target":["https:\/\/insightevents.se\/sarbehandlingssymposium\/2026\/04\/21\/premiar-pa-konferensen-vi-lanserar-arets-sarteam-saratgard-2026\/"]}]},{"@type":"ImageObject","inLanguage":"sv-SE","@id":"https:\/\/insightevents.se\/sarbehandlingssymposium\/2026\/04\/21\/premiar-pa-konferensen-vi-lanserar-arets-sarteam-saratgard-2026\/#primaryimage","url":"https:\/\/insightevents.se\/sarbehandlingssymposium\/wp-content\/uploads\/sites\/14\/2026\/04\/nyhetsbild-3.jpg","contentUrl":"https:\/\/insightevents.se\/sarbehandlingssymposium\/wp-content\/uploads\/sites\/14\/2026\/04\/nyhetsbild-3.jpg","width":1667,"height":1667},{"@type":"BreadcrumbList","@id":"https:\/\/insightevents.se\/sarbehandlingssymposium\/2026\/04\/21\/premiar-pa-konferensen-vi-lanserar-arets-sarteam-saratgard-2026\/#breadcrumb","itemListElement":[{"@type":"ListItem","position":1,"name":"Hem","item":"https:\/\/insightevents.se\/sarbehandlingssymposium\/"},{"@type":"ListItem","position":2,"name":"Premi\u00e4r p\u00e5 konferensen \u2013 vi lanserar \u00c5rets S\u00e5rteam \/ S\u00e5r\u00e5tg\u00e4rd 2026!"}]},{"@type":"WebSite","@id":"https:\/\/insightevents.se\/sarbehandlingssymposium\/#website","url":"https:\/\/insightevents.se\/sarbehandlingssymposium\/","name":"S\u00e5rbehandlingssymposium","description":"","potentialAction":[{"@type":"SearchAction","target":{"@type":"EntryPoint","urlTemplate":"https:\/\/insightevents.se\/sarbehandlingssymposium\/?s={search_term_string}"},"query-input":{"@type":"PropertyValueSpecification","valueRequired":true,"valueName":"search_term_string"}}],"inLanguage":"sv-SE"},{"@type":"Person","@id":"https:\/\/insightevents.se\/sarbehandlingssymposium\/#\/schema\/person\/b988a5292612382bfb32836eca66b90d","name":"Webmaster","image":{"@type":"ImageObject","inLanguage":"sv-SE","@id":"https:\/\/secure.gravatar.com\/avatar\/1d4fe9198e176b59442a0d34bf3a2daa510b0ef5a486b5f2426c878139f72b99?s=96&d=mm&r=g","url":"https:\/\/secure.gravatar.com\/avatar\/1d4fe9198e176b59442a0d34bf3a2daa510b0ef5a486b5f2426c878139f72b99?s=96&d=mm&r=g","contentUrl":"https:\/\/secure.gravatar.com\/avatar\/1d4fe9198e176b59442a0d34bf3a2daa510b0ef5a486b5f2426c878139f72b99?s=96&d=mm&r=g","caption":"Webmaster"},"url":"https:\/\/insightevents.se\/sarbehandlingssymposium\/author\/webmaster\/"}]}},"_links":{"self":[{"href":"https:\/\/insightevents.se\/sarbehandlingssymposium\/wp-json\/wp\/v2\/posts\/1304","targetHints":{"allow":["GET"]}}],"collection":[{"href":"https:\/\/insightevents.se\/sarbehandlingssymposium\/wp-json\/wp\/v2\/posts"}],"about":[{"href":"https:\/\/insightevents.se\/sarbehandlingssymposium\/wp-json\/wp\/v2\/types\/post"}],"author":[{"embeddable":true,"href":"https:\/\/insightevents.se\/sarbehandlingssymposium\/wp-json\/wp\/v2\/users\/1"}],"replies":[{"embeddable":true,"href":"https:\/\/insightevents.se\/sarbehandlingssymposium\/wp-json\/wp\/v2\/comments?post=1304"}],"version-history":[{"count":1,"href":"https:\/\/insightevents.se\/sarbehandlingssymposium\/wp-json\/wp\/v2\/posts\/1304\/revisions"}],"predecessor-version":[{"id":1306,"href":"https:\/\/insightevents.se\/sarbehandlingssymposium\/wp-json\/wp\/v2\/posts\/1304\/revisions\/1306"}],"wp:featuredmedia":[{"embeddable":true,"href":"https:\/\/insightevents.se\/sarbehandlingssymposium\/wp-json\/wp\/v2\/media\/1305"}],"wp:attachment":[{"href":"https:\/\/insightevents.se\/sarbehandlingssymposium\/wp-json\/wp\/v2\/media?parent=1304"}],"wp:term":[{"taxonomy":"category","embeddable":true,"href":"https:\/\/insightevents.se\/sarbehandlingssymposium\/wp-json\/wp\/v2\/categories?post=1304"},{"taxonomy":"post_tag","embeddable":true,"href":"https:\/\/insightevents.se\/sarbehandlingssymposium\/wp-json\/wp\/v2\/tags?post=1304"}],"curies":[{"name":"wp","href":"https:\/\/api.w.org\/{rel}","templated":true}]}}